{"id":7489,"date":"2014-04-13T20:34:04","date_gmt":"2014-04-13T21:34:04","guid":{"rendered":"http:\/\/www.ueber-die-meere.de\/wordpress\/?p=7489"},"modified":"2018-05-24T22:41:53","modified_gmt":"2018-05-25T02:41:53","slug":"wieder-komplett","status":"publish","type":"post","link":"http:\/\/www.ueber-die-meere.de\/wordpress\/?p=7489","title":{"rendered":"Wieder komplett"},"content":{"rendered":"<div id=\"attachment_7491\" style=\"width: 160px\" class=\"wp-caption alignright\"><a href=\"http:\/\/www.ueber-die-meere.de\/wordpress\/wp-content\/uploads\/2014\/04\/anker.jpg\"><img aria-describedby=\"caption-attachment-7491\" loading=\"lazy\" class=\"size-thumbnail wp-image-7491\" alt=\"zur\u00fcck an Bord\" src=\"http:\/\/www.ueber-die-meere.de\/wordpress\/wp-content\/uploads\/2014\/04\/anker-150x150.jpg\" width=\"150\" height=\"150\" \/><\/a><p id=\"caption-attachment-7491\" class=\"wp-caption-text\">zur\u00fcck an Bord<\/p><\/div>\n<p>Wir haben wieder all unsere Anker bei uns, heute haben wir einen Ausflug nach Tarrafal gemacht und den Heckanker abgeholt. Gestern abend noch haben wir eine Nachricht von Osmar bekommen, dass er zusammen mit seinem Freund Jack den Anker inkl. Leine und Fender geborgen hat, wir sollten heute um 12Uhr in Tarrafal am Strand sein. Also sind wir fr\u00fch aufgebrochen und in Richtung Aluguer losmarschiert. Die heutigen Lektionen im Aluguer-Fahren waren:<\/p>\n<ul>\n<li>gefahren wird, wenn voll ist. Unabh\u00e4ngig davon, wie lange es dauert, das Auto zu f\u00fcllen und auch unabh\u00e4ngig davon, wie viele Runden man durch Tarrafal drehen muss, um auch den letzten halbwegs Willigen zur Fahrt in Richtung Praia zu \u00fcberreden.<\/li>\n<li>funktionierende Sto\u00dfd\u00e4mpfer sind v\u00f6llig \u00fcberbewertet<\/li>\n<li>Geschwindigkeitbegrenzungen, insbesondere in Ortschaften, ebenso (wir haben keine Ahnung, ob es hier welche gibt, daran halten tut sich aber eh niemand)<\/li>\n<li>Hupen und Bremsen sind immens wichtig<\/li>\n<li>selbst wenn man seinen Platz im fast vollen Aluguer hat, ist noch genug Zeit, f\u00fcr Eink\u00e4ufe und sonstiges. Weil ja noch nicht ganz voll ist!<\/li>\n<li>das mit dem vollen Auto und Vollgas im zweiten Gang den Berg hoch schafft nicht nur VW, Toyota ist da auch nicht zu verachten<\/li>\n<\/ul>\n<p>In Tarrafal haben wir uns (wenn man von der guten Stunde Stadtrundfahrten absieht) eigentlich gar nicht gro\u00df aufgehalten. Osmar hat uns den Anker gegeben, dann haben wir noch eine Kleinigkeit gegessen und uns in den Aluguer gesetzt. Bei Osmar zuhause haben wir einen kleinen Einblick in eine wohl durchschnittliche Wohnsituation bekommen: ein Zimmer, zwei gro\u00dfe Matratzen auf dem Boden, ein Tisch und ein Schrank. Da wohnt die Familie. Und alles sehr sauber.<\/p>\n<p><!-- index.php -->\n<div\n\tclass=\"ngg-galleryoverview ngg-ajax-pagination-none\"\n\tid=\"ngg-gallery-7510-1\">\n\n    \t<div class=\"slideshowlink\">\n        <a href='http:\/\/www.ueber-die-meere.de\/wordpress\/index.php\/nggallery\/slideshow?p=7489'>[Show as slideshow]<\/a>\n\t\t\n\t<\/div>\n\t\t\t<!-- Thumbnails -->\n\t\t\t\t<div id=\"ngg-image-0\" class=\"ngg-gallery-thumbnail-box\" >\n\t\t\t\t        <div class=\"ngg-gallery-thumbnail\">\n            <a href=\"http:\/\/www.ueber-die-meere.de\/wordpress\/wp-content\/gallery\/praia_anker_holen\/kirche_tarrafal.jpg\"\n               title=\"Kirche in Tarrafal - wir sind bestimmt achtmal dran vorbei gefahren...\"\n               data-src=\"http:\/\/www.ueber-die-meere.de\/wordpress\/wp-content\/gallery\/praia_anker_holen\/kirche_tarrafal.jpg\"\n               data-thumbnail=\"http:\/\/www.ueber-die-meere.de\/wordpress\/wp-content\/gallery\/praia_anker_holen\/thumbs\/thumbs_kirche_tarrafal.jpg\"\n               data-image-id=\"1833\"\n               data-title=\"kirche_tarrafal\"\n               data-description=\"Kirche in Tarrafal - wir sind bestimmt achtmal dran vorbei gefahren...\"\n               data-image-slug=\"kirche_tarrafal\"\n               class=\"shutterset_7510\">\n                <img\n                    title=\"kirche_tarrafal\"\n                    alt=\"kirche_tarrafal\"\n                    src=\"http:\/\/www.ueber-die-meere.de\/wordpress\/wp-content\/gallery\/praia_anker_holen\/thumbs\/thumbs_kirche_tarrafal.jpg\"\n                    width=\"100\"\n                    height=\"75\"\n                    style=\"max-width:100%;\"\n                \/>\n            <\/a>\n        <\/div>\n\t\t\t\t\t\t\t<\/div> \n\t\t\t\n        \n\t\t\t\t<div id=\"ngg-image-1\" class=\"ngg-gallery-thumbnail-box\" >\n\t\t\t\t        <div class=\"ngg-gallery-thumbnail\">\n            <a href=\"http:\/\/www.ueber-die-meere.de\/wordpress\/wp-content\/gallery\/praia_anker_holen\/ziegenfutter.jpg\"\n               title=\"die Ziege reckt sich\"\n               data-src=\"http:\/\/www.ueber-die-meere.de\/wordpress\/wp-content\/gallery\/praia_anker_holen\/ziegenfutter.jpg\"\n               data-thumbnail=\"http:\/\/www.ueber-die-meere.de\/wordpress\/wp-content\/gallery\/praia_anker_holen\/thumbs\/thumbs_ziegenfutter.jpg\"\n               data-image-id=\"1834\"\n               data-title=\"ziegenfutter\"\n               data-description=\"die Ziege reckt sich\"\n               data-image-slug=\"ziegenfutter\"\n               class=\"shutterset_7510\">\n                <img\n                    title=\"ziegenfutter\"\n                    alt=\"ziegenfutter\"\n                    src=\"http:\/\/www.ueber-die-meere.de\/wordpress\/wp-content\/gallery\/praia_anker_holen\/thumbs\/thumbs_ziegenfutter.jpg\"\n                    width=\"100\"\n                    height=\"75\"\n                    style=\"max-width:100%;\"\n                \/>\n            <\/a>\n        <\/div>\n\t\t\t\t\t\t\t<\/div> \n\t\t\t\n        \n\t\t\t\t<div id=\"ngg-image-2\" class=\"ngg-gallery-thumbnail-box\" >\n\t\t\t\t        <div class=\"ngg-gallery-thumbnail\">\n            <a href=\"http:\/\/www.ueber-die-meere.de\/wordpress\/wp-content\/gallery\/praia_anker_holen\/hartplatzfussball.jpg\"\n               title=\"Fu\u00dfballplatz - wir konnten vom Aluguer kurz zusehen\"\n               data-src=\"http:\/\/www.ueber-die-meere.de\/wordpress\/wp-content\/gallery\/praia_anker_holen\/hartplatzfussball.jpg\"\n               data-thumbnail=\"http:\/\/www.ueber-die-meere.de\/wordpress\/wp-content\/gallery\/praia_anker_holen\/thumbs\/thumbs_hartplatzfussball.jpg\"\n               data-image-id=\"1835\"\n               data-title=\"hartplatzfussball\"\n               data-description=\"Fu\u00dfballplatz - wir konnten vom Aluguer kurz zusehen\"\n               data-image-slug=\"hartplatzfussball\"\n               class=\"shutterset_7510\">\n                <img\n                    title=\"hartplatzfussball\"\n                    alt=\"hartplatzfussball\"\n                    src=\"http:\/\/www.ueber-die-meere.de\/wordpress\/wp-content\/gallery\/praia_anker_holen\/thumbs\/thumbs_hartplatzfussball.jpg\"\n                    width=\"100\"\n                    height=\"75\"\n                    style=\"max-width:100%;\"\n                \/>\n            <\/a>\n        <\/div>\n\t\t\t\t\t\t\t<\/div> \n\t\t\t\n        \n\t\t\t\t<div id=\"ngg-image-3\" class=\"ngg-gallery-thumbnail-box\" >\n\t\t\t\t        <div class=\"ngg-gallery-thumbnail\">\n            <a href=\"http:\/\/www.ueber-die-meere.de\/wordpress\/wp-content\/gallery\/praia_anker_holen\/eselei_bergauf.jpg\"\n               title=\"auch hier Transportmittel\"\n               data-src=\"http:\/\/www.ueber-die-meere.de\/wordpress\/wp-content\/gallery\/praia_anker_holen\/eselei_bergauf.jpg\"\n               data-thumbnail=\"http:\/\/www.ueber-die-meere.de\/wordpress\/wp-content\/gallery\/praia_anker_holen\/thumbs\/thumbs_eselei_bergauf.jpg\"\n               data-image-id=\"1836\"\n               data-title=\"eselei_bergauf\"\n               data-description=\"auch hier Transportmittel\"\n               data-image-slug=\"eselei_bergauf\"\n               class=\"shutterset_7510\">\n                <img\n                    title=\"eselei_bergauf\"\n                    alt=\"eselei_bergauf\"\n                    src=\"http:\/\/www.ueber-die-meere.de\/wordpress\/wp-content\/gallery\/praia_anker_holen\/thumbs\/thumbs_eselei_bergauf.jpg\"\n                    width=\"100\"\n                    height=\"75\"\n                    style=\"max-width:100%;\"\n                \/>\n            <\/a>\n        <\/div>\n\t\t\t\t\t\t\t<\/div> \n\t\t\t\n        \n\t\t\t\t<div id=\"ngg-image-4\" class=\"ngg-gallery-thumbnail-box\" >\n\t\t\t\t        <div class=\"ngg-gallery-thumbnail\">\n            <a href=\"http:\/\/www.ueber-die-meere.de\/wordpress\/wp-content\/gallery\/praia_anker_holen\/landschaft.jpg\"\n               title=\"Blick \u00fcber Santiago\"\n               data-src=\"http:\/\/www.ueber-die-meere.de\/wordpress\/wp-content\/gallery\/praia_anker_holen\/landschaft.jpg\"\n               data-thumbnail=\"http:\/\/www.ueber-die-meere.de\/wordpress\/wp-content\/gallery\/praia_anker_holen\/thumbs\/thumbs_landschaft.jpg\"\n               data-image-id=\"1837\"\n               data-title=\"landschaft\"\n               data-description=\"Blick \u00fcber Santiago\"\n               data-image-slug=\"landschaft\"\n               class=\"shutterset_7510\">\n                <img\n                    title=\"landschaft\"\n                    alt=\"landschaft\"\n                    src=\"http:\/\/www.ueber-die-meere.de\/wordpress\/wp-content\/gallery\/praia_anker_holen\/thumbs\/thumbs_landschaft.jpg\"\n                    width=\"100\"\n                    height=\"75\"\n                    style=\"max-width:100%;\"\n                \/>\n            <\/a>\n        <\/div>\n\t\t\t\t\t\t\t<\/div> \n\t\t\t\n        \n\t\t\t\t<div id=\"ngg-image-5\" class=\"ngg-gallery-thumbnail-box\" >\n\t\t\t\t        <div class=\"ngg-gallery-thumbnail\">\n            <a href=\"http:\/\/www.ueber-die-meere.de\/wordpress\/wp-content\/gallery\/praia_anker_holen\/landschaft2.jpg\"\n               title=\"Blick \u00fcber Santiago\"\n               data-src=\"http:\/\/www.ueber-die-meere.de\/wordpress\/wp-content\/gallery\/praia_anker_holen\/landschaft2.jpg\"\n               data-thumbnail=\"http:\/\/www.ueber-die-meere.de\/wordpress\/wp-content\/gallery\/praia_anker_holen\/thumbs\/thumbs_landschaft2.jpg\"\n               data-image-id=\"1838\"\n               data-title=\"landschaft2\"\n               data-description=\"Blick \u00fcber Santiago\"\n               data-image-slug=\"landschaft2\"\n               class=\"shutterset_7510\">\n                <img\n                    title=\"landschaft2\"\n                    alt=\"landschaft2\"\n                    src=\"http:\/\/www.ueber-die-meere.de\/wordpress\/wp-content\/gallery\/praia_anker_holen\/thumbs\/thumbs_landschaft2.jpg\"\n                    width=\"100\"\n                    height=\"75\"\n                    style=\"max-width:100%;\"\n                \/>\n            <\/a>\n        <\/div>\n\t\t\t\t\t\t\t<\/div> \n\t\t\t\n        \n\t\t\t\t<div id=\"ngg-image-6\" class=\"ngg-gallery-thumbnail-box\" >\n\t\t\t\t        <div class=\"ngg-gallery-thumbnail\">\n            <a href=\"http:\/\/www.ueber-die-meere.de\/wordpress\/wp-content\/gallery\/praia_anker_holen\/unterwegs.jpg\"\n               title=\"unterwegs von Tarrafal nach Praia\"\n               data-src=\"http:\/\/www.ueber-die-meere.de\/wordpress\/wp-content\/gallery\/praia_anker_holen\/unterwegs.jpg\"\n               data-thumbnail=\"http:\/\/www.ueber-die-meere.de\/wordpress\/wp-content\/gallery\/praia_anker_holen\/thumbs\/thumbs_unterwegs.jpg\"\n               data-image-id=\"1839\"\n               data-title=\"unterwegs\"\n               data-description=\"unterwegs von Tarrafal nach Praia\"\n               data-image-slug=\"unterwegs-1\"\n               class=\"shutterset_7510\">\n                <img\n                    title=\"unterwegs\"\n                    alt=\"unterwegs\"\n                    src=\"http:\/\/www.ueber-die-meere.de\/wordpress\/wp-content\/gallery\/praia_anker_holen\/thumbs\/thumbs_unterwegs.jpg\"\n                    width=\"100\"\n                    height=\"75\"\n                    style=\"max-width:100%;\"\n                \/>\n            <\/a>\n        <\/div>\n\t\t\t\t\t\t\t<\/div> \n\t\t\t\n        \n\t\t\t\t<div id=\"ngg-image-7\" class=\"ngg-gallery-thumbnail-box\" >\n\t\t\t\t        <div class=\"ngg-gallery-thumbnail\">\n            <a href=\"http:\/\/www.ueber-die-meere.de\/wordpress\/wp-content\/gallery\/praia_anker_holen\/unterwegs2.jpg\"\n               title=\"und nochmal unterwegs\"\n               data-src=\"http:\/\/www.ueber-die-meere.de\/wordpress\/wp-content\/gallery\/praia_anker_holen\/unterwegs2.jpg\"\n               data-thumbnail=\"http:\/\/www.ueber-die-meere.de\/wordpress\/wp-content\/gallery\/praia_anker_holen\/thumbs\/thumbs_unterwegs2.jpg\"\n               data-image-id=\"1840\"\n               data-title=\"unterwegs2\"\n               data-description=\"und nochmal unterwegs\"\n               data-image-slug=\"unterwegs2\"\n               class=\"shutterset_7510\">\n                <img\n                    title=\"unterwegs2\"\n                    alt=\"unterwegs2\"\n                    src=\"http:\/\/www.ueber-die-meere.de\/wordpress\/wp-content\/gallery\/praia_anker_holen\/thumbs\/thumbs_unterwegs2.jpg\"\n                    width=\"100\"\n                    height=\"75\"\n                    style=\"max-width:100%;\"\n                \/>\n            <\/a>\n        <\/div>\n\t\t\t\t\t\t\t<\/div> \n\t\t\t\n        \n\t\t\n\t\t<div class=\"ngg-clear\"><\/div>\n\t<\/div>\n<\/p>\n","protected":false},"excerpt":{"rendered":"<p>Wir haben wieder all unsere Anker bei uns, heute haben wir einen Ausflug nach Tarrafal gemacht und den Heckanker abgeholt. Gestern abend noch haben wir eine Nachricht von Osmar bekommen, dass er zusammen mit seinem Freund Jack den Anker inkl. &hellip; <a href=\"http:\/\/www.ueber-die-meere.de\/wordpress\/?p=7489\">Weiterlesen <span class=\"meta-nav\">&rarr;<\/span><\/a><\/p>\n","protected":false},"author":2,"featured_media":0,"comment_status":"open","ping_status":"open","sticky":false,"template":"","format":"standard","meta":{"ngg_post_thumbnail":0},"categories":[38,76,4],"tags":[],"_links":{"self":[{"href":"http:\/\/www.ueber-die-meere.de\/wordpress\/index.php?rest_route=\/wp\/v2\/posts\/7489"}],"collection":[{"href":"http:\/\/www.ueber-die-meere.de\/wordpress\/index.php?rest_route=\/wp\/v2\/posts"}],"about":[{"href":"http:\/\/www.ueber-die-meere.de\/wordpress\/index.php?rest_route=\/wp\/v2\/types\/post"}],"author":[{"embeddable":true,"href":"http:\/\/www.ueber-die-meere.de\/wordpress\/index.php?rest_route=\/wp\/v2\/users\/2"}],"replies":[{"embeddable":true,"href":"http:\/\/www.ueber-die-meere.de\/wordpress\/index.php?rest_route=%2Fwp%2Fv2%2Fcomments&post=7489"}],"version-history":[{"count":2,"href":"http:\/\/www.ueber-die-meere.de\/wordpress\/index.php?rest_route=\/wp\/v2\/posts\/7489\/revisions"}],"predecessor-version":[{"id":7511,"href":"http:\/\/www.ueber-die-meere.de\/wordpress\/index.php?rest_route=\/wp\/v2\/posts\/7489\/revisions\/7511"}],"wp:attachment":[{"href":"http:\/\/www.ueber-die-meere.de\/wordpress\/index.php?rest_route=%2Fwp%2Fv2%2Fmedia&parent=7489"}],"wp:term":[{"taxonomy":"category","embeddable":true,"href":"http:\/\/www.ueber-die-meere.de\/wordpress\/index.php?rest_route=%2Fwp%2Fv2%2Fcategories&post=7489"},{"taxonomy":"post_tag","embeddable":true,"href":"http:\/\/www.ueber-die-meere.de\/wordpress\/index.php?rest_route=%2Fwp%2Fv2%2Ftags&post=7489"}],"curies":[{"name":"wp","href":"https:\/\/api.w.org\/{rel}","templated":true}]}}