{"id":5013,"date":"2013-04-07T23:07:39","date_gmt":"2013-04-07T23:07:39","guid":{"rendered":"http:\/\/www.ueber-die-meere.de\/wordpress\/?p=5013"},"modified":"2018-05-24T22:04:08","modified_gmt":"2018-05-25T02:04:08","slug":"was-uns-an-marokko-gefallt","status":"publish","type":"post","link":"http:\/\/www.ueber-die-meere.de\/wordpress\/?p=5013","title":{"rendered":"Was uns an Marokko gef\u00e4llt"},"content":{"rendered":"<p><a href=\"http:\/\/www.ueber-die-meere.de\/wordpress\/wp-content\/uploads\/2013\/04\/badetag.jpg\"><img loading=\"lazy\" class=\"alignleft size-thumbnail wp-image-5134\" alt=\"badetag\" src=\"http:\/\/www.ueber-die-meere.de\/wordpress\/wp-content\/uploads\/2013\/04\/badetag-150x150.jpg\" width=\"150\" height=\"150\" \/><\/a>Die letzten Tage haben wir es gem\u00fctlich angehen lassen. Donnerstag und Freitag war das Wetter noch nicht wirklich sch\u00f6n, erst gestern und heute durften wir wieder Sonne genie\u00dfen. Zwar mit etwas k\u00fchlerem Nordwind, aber das ist wohl auf sehr hohem Niveau gejammert, wenn wir uns das Wetter daheim so ansehen \ud83d\ude09 Immerhin k\u00f6nnen wir bei ge\u00f6ffneter Kuchenbude im T-Shirt im Cockpit fr\u00fchst\u00fccken.<\/p>\n<p>So gaaaaaanz langsam scheint sich das Wetter etwas zu beruhigen und es gibt zumindest auch mal Wind aus der passenden Richtung. Noch nicht sehr stabil und ausdauernd, aber wir sind guter Hoffnung, dass das vor der erforderlichen Visumsverl\u00e4ngerung (Anfang Mai) was wird. Das hei\u00dft f\u00fcr uns: ebenso langsam m\u00fcssen wir uns seelisch, moralisch und auch sonst auf die Weiterfahrt vorbereiten. Ach ja, seit gestern wissen wir auch, warum wir vor einer Weile den Steg wechseln mussten. Hier kommt ein Solar-Boot vorbei, und zwar die <a title=\"PlanetSolar\" href=\"http:\/\/www.planetsolar.org\/\" target=\"_blank\">MS T\u00fbranor PlanetSolar<\/a>. Wir sind schon ziemlich neugierig, wie die hier man\u00f6vrieren. Mal sehen, ob wir noch da sind, wenn die ankommen.<\/p>\n<p><a href=\"http:\/\/www.ueber-die-meere.de\/wordpress\/wp-content\/uploads\/2013\/04\/landschaft.jpg\"><img loading=\"lazy\" class=\"alignright size-thumbnail wp-image-5133\" alt=\"landschaft\" src=\"http:\/\/www.ueber-die-meere.de\/wordpress\/wp-content\/uploads\/2013\/04\/landschaft-150x150.jpg\" width=\"150\" height=\"150\" \/><\/a>Wir haben uns inzwischen mal ein wenig Gedanken \u00fcber unsere bisherigen Eindr\u00fccke von Marokko gemacht. Wir sind uns bewu\u00dft, dass das sehr subjektiv ist und wir auch bei weitem nicht alles von Land und Leuten kennengelernt haben. Aber wir denken, doch ein bi\u00dfchen einen Einblick erhalten zu haben.<\/p>\n<p>Was wir vermissen werden:<\/p>\n<ul>\n<li>die Freundlichkeit, Hilfsbereitschaft und Entspanntheit der Menschen ist einfach immer noch wunderbar f\u00fcr uns. Wir wurden bisher noch nicht ein einziges mal unfreundlich behandelt. Im Gegenteil, wir h\u00f6ren immer noch oft &#8222;Welcome in Morocco&#8220; und sehen lachende und gl\u00fcckliche Gesichter, wenn wir auch nur ansatzweise Interesse zeigen.<\/li>\n<li>die Kultur ist wundersch\u00f6n und faszinierend anders als in Europa. Wir denken, unsere bisherigen Bilder sprechen f\u00fcr sich.<\/li>\n<li>die Landschaft, die wir auf unserer Tour in Richtung Sahara sehen durften, ist beeindruckend abwechslungsreich, sch\u00f6n und weit. Auch wenn die Alpen etwa zur gleichen Zeit entstanden sind wie der Atlas, sind die beiden Gebirge doch grundverschieden.<\/li>\n<li>wir lieben M\u00e4rkte und sind somit hier genau richtig. Es ist tats\u00e4chlich die beste und g\u00fcnstigste M\u00f6glichkeit, sich mit den meisten Dingen des t\u00e4glichen Lebens einzudecken. Leider k\u00f6nnen wir die Ger\u00fcche und Ger\u00e4usche nicht wirklich r\u00fcberbringen, es w\u00fcrde sich lohnen.<\/li>\n<li>Lebensmittel sind g\u00fcnstig und gut, leider nicht sehr lange haltbar. Das kommt eben davon, wenn Gem\u00fcse reif geerntet wird (der Geschmack entsch\u00e4digt aber ;-)). So Dinge wie die Lebensmittelskandale zum Thema Fleisch (welches Fleisch ist wohl in der Packung?) in Deutschland betreffen uns hier nicht, da wir direkt beim Schlachter kaufen k\u00f6nnen.<\/li>\n<li><a href=\"http:\/\/www.ueber-die-meere.de\/wordpress\/wp-content\/uploads\/2013\/04\/mode.jpg\"><img loading=\"lazy\" class=\"alignright size-thumbnail wp-image-5132\" alt=\"mode\" src=\"http:\/\/www.ueber-die-meere.de\/wordpress\/wp-content\/uploads\/2013\/04\/mode-150x150.jpg\" width=\"150\" height=\"150\" srcset=\"http:\/\/www.ueber-die-meere.de\/wordpress\/wp-content\/uploads\/2013\/04\/mode-150x150.jpg 150w, http:\/\/www.ueber-die-meere.de\/wordpress\/wp-content\/uploads\/2013\/04\/mode-400x400.jpg 400w\" sizes=\"(max-width: 150px) 100vw, 150px\" \/><\/a>die Mode ist wunderbar unkompliziert, besonders bei Frauen: viele sind im Kaftan unterwegs und haben drunter ihren Haus- oder Schlafanzug an, sehr beliebt ist als Muster z.B. Hello Kitty<\/li>\n<li>wir sind zwar in einem islamischen Land, konnten bisher aber keine ernsthafte Einschr\u00e4nkung f\u00fcr (westliche) Frauen feststellen. Auch auf dem Markt oder generell in den Stra\u00dfen tragen viele Frauen zwar ein Kopftuch, was sie aber nicht an Selbstbewu\u00dftsein einschr\u00e4nkt.<\/li>\n<li>es werden Sachen repariert und nicht weggeschmissen. Wir haben z.B. Schuhe reparieren lassen, da sind wir uns nicht sicher, ob wir daheim jemand gefunden h\u00e4tten, der das bezahlbar in derselben Qualit\u00e4t gemacht h\u00e4tte. Mofas, Autos, Espressokannen, Mixer, f\u00fcr alles gibt es Ersatzteile und kleine Werkst\u00e4tten \u00fcberall. In unmittelbarer N\u00e4he sind z.B. auch bestimmt f\u00fcnf Schreinereien, die uns spontan einfallen.<\/li>\n<\/ul>\n<p>Ganz generell k\u00f6nnen wir sagen: wir sind SEHR froh, den Abstecher hierher unternommen zu haben, wir genie\u00dfen es immer noch sehr. Auch wenn der Hafen aufgrund des Wetters recht oft geschlossen war, bei den Wetterbedingungen bisher h\u00e4tten wir auch sonst nicht losfahren wollen.<\/p>\n","protected":false},"excerpt":{"rendered":"<p>Die letzten Tage haben wir es gem\u00fctlich angehen lassen. Donnerstag und Freitag war das Wetter noch nicht wirklich sch\u00f6n, erst gestern und heute durften wir wieder Sonne genie\u00dfen. Zwar mit etwas k\u00fchlerem Nordwind, aber das ist wohl auf sehr hohem &hellip; <a href=\"http:\/\/www.ueber-die-meere.de\/wordpress\/?p=5013\">Weiterlesen <span class=\"meta-nav\">&rarr;<\/span><\/a><\/p>\n","protected":false},"author":2,"featured_media":0,"comment_status":"open","ping_status":"open","sticky":false,"template":"","format":"standard","meta":{"ngg_post_thumbnail":0},"categories":[38,35,69,4],"tags":[],"_links":{"self":[{"href":"http:\/\/www.ueber-die-meere.de\/wordpress\/index.php?rest_route=\/wp\/v2\/posts\/5013"}],"collection":[{"href":"http:\/\/www.ueber-die-meere.de\/wordpress\/index.php?rest_route=\/wp\/v2\/posts"}],"about":[{"href":"http:\/\/www.ueber-die-meere.de\/wordpress\/index.php?rest_route=\/wp\/v2\/types\/post"}],"author":[{"embeddable":true,"href":"http:\/\/www.ueber-die-meere.de\/wordpress\/index.php?rest_route=\/wp\/v2\/users\/2"}],"replies":[{"embeddable":true,"href":"http:\/\/www.ueber-die-meere.de\/wordpress\/index.php?rest_route=%2Fwp%2Fv2%2Fcomments&post=5013"}],"version-history":[{"count":19,"href":"http:\/\/www.ueber-die-meere.de\/wordpress\/index.php?rest_route=\/wp\/v2\/posts\/5013\/revisions"}],"predecessor-version":[{"id":5138,"href":"http:\/\/www.ueber-die-meere.de\/wordpress\/index.php?rest_route=\/wp\/v2\/posts\/5013\/revisions\/5138"}],"wp:attachment":[{"href":"http:\/\/www.ueber-die-meere.de\/wordpress\/index.php?rest_route=%2Fwp%2Fv2%2Fmedia&parent=5013"}],"wp:term":[{"taxonomy":"category","embeddable":true,"href":"http:\/\/www.ueber-die-meere.de\/wordpress\/index.php?rest_route=%2Fwp%2Fv2%2Fcategories&post=5013"},{"taxonomy":"post_tag","embeddable":true,"href":"http:\/\/www.ueber-die-meere.de\/wordpress\/index.php?rest_route=%2Fwp%2Fv2%2Ftags&post=5013"}],"curies":[{"name":"wp","href":"https:\/\/api.w.org\/{rel}","templated":true}]}}