{"id":4121,"date":"2012-12-21T23:22:16","date_gmt":"2012-12-21T22:22:16","guid":{"rendered":"http:\/\/www.ueber-die-meere.de\/wordpress\/?p=4121"},"modified":"2018-05-24T22:00:34","modified_gmt":"2018-05-25T02:00:34","slug":"merkwurdiges-wetter-kabel-verlegen","status":"publish","type":"post","link":"http:\/\/www.ueber-die-meere.de\/wordpress\/?p=4121","title":{"rendered":"merkw\u00fcrdiges Wetter + Kabel verlegen"},"content":{"rendered":"<p><a href=\"http:\/\/www.ueber-die-meere.de\/wordpress\/?attachment_id=4127\" rel=\"attachment wp-att-4127\"><img loading=\"lazy\" class=\" wp-image-4127 alignright\" alt=\"nebeltag_1\" src=\"http:\/\/www.ueber-die-meere.de\/wordpress\/wp-content\/uploads\/2012\/12\/nebeltag_1-150x150.jpg\" width=\"150\" height=\"150\" srcset=\"http:\/\/www.ueber-die-meere.de\/wordpress\/wp-content\/uploads\/2012\/12\/nebeltag_1-150x150.jpg 150w, http:\/\/www.ueber-die-meere.de\/wordpress\/wp-content\/uploads\/2012\/12\/nebeltag_1-400x400.jpg 400w\" sizes=\"(max-width: 150px) 100vw, 150px\" \/><\/a> <a href=\"http:\/\/www.ueber-die-meere.de\/wordpress\/?attachment_id=4128\" rel=\"attachment wp-att-4128\"><img loading=\"lazy\" class=\"alignright size-thumbnail wp-image-4128\" alt=\"nebeltag_2\" src=\"http:\/\/www.ueber-die-meere.de\/wordpress\/wp-content\/uploads\/2012\/12\/nebeltag_2-150x150.jpg\" width=\"150\" height=\"150\" srcset=\"http:\/\/www.ueber-die-meere.de\/wordpress\/wp-content\/uploads\/2012\/12\/nebeltag_2-150x150.jpg 150w, http:\/\/www.ueber-die-meere.de\/wordpress\/wp-content\/uploads\/2012\/12\/nebeltag_2-400x400.jpg 400w\" sizes=\"(max-width: 150px) 100vw, 150px\" \/><\/a>Als wir heute aufgestanden sind, war es richtig neblig. Das war vor ein paar Tagen schon mal so, aber da hatte sich das alles schnell verzogen. Heute war es den ganzen Tag irgendwie diesig, wir hatten teilweise das Gef\u00fchl, mitten in einer Wolke zu sitzen. Allerdings gab es zwischendurch auch herrliche, warme Sonne. Selbst hier ist das Wetter also ungew\u00f6hnlich f\u00fcr dieses Jahr, wir durften schon eine &#8222;Beschwerde&#8220; \u00fcber das langweilige Wetter im letzten Winter anh\u00f6ren: &#8222;st\u00e4ndig nur Sonne und blauer Himmel!&#8220; Naja, wir w\u00fcrden uns da jetzt nicht wirklich wehren&#8230;<\/p>\n<div id=\"attachment_4130\" style=\"width: 160px\" class=\"wp-caption alignleft\"><a href=\"http:\/\/www.ueber-die-meere.de\/wordpress\/?attachment_id=4130\" rel=\"attachment wp-att-4130\"><img aria-describedby=\"caption-attachment-4130\" loading=\"lazy\" class=\"size-thumbnail wp-image-4130\" alt=\"So sah das vorher aus\" src=\"http:\/\/www.ueber-die-meere.de\/wordpress\/wp-content\/uploads\/2012\/12\/kabel_vorher-150x150.jpg\" width=\"150\" height=\"150\" srcset=\"http:\/\/www.ueber-die-meere.de\/wordpress\/wp-content\/uploads\/2012\/12\/kabel_vorher-150x150.jpg 150w, http:\/\/www.ueber-die-meere.de\/wordpress\/wp-content\/uploads\/2012\/12\/kabel_vorher-400x400.jpg 400w\" sizes=\"(max-width: 150px) 100vw, 150px\" \/><\/a><p id=\"caption-attachment-4130\" class=\"wp-caption-text\">So sah das vorher aus<\/p><\/div>\n<div id=\"attachment_4131\" style=\"width: 160px\" class=\"wp-caption alignleft\"><a href=\"http:\/\/www.ueber-die-meere.de\/wordpress\/?attachment_id=4131\" rel=\"attachment wp-att-4131\"><img aria-describedby=\"caption-attachment-4131\" loading=\"lazy\" class=\"size-thumbnail wp-image-4131\" alt=\"... und so sieht es jetzt aus.\" src=\"http:\/\/www.ueber-die-meere.de\/wordpress\/wp-content\/uploads\/2012\/12\/kabel_2-150x150.jpg\" width=\"150\" height=\"150\" srcset=\"http:\/\/www.ueber-die-meere.de\/wordpress\/wp-content\/uploads\/2012\/12\/kabel_2-150x150.jpg 150w, http:\/\/www.ueber-die-meere.de\/wordpress\/wp-content\/uploads\/2012\/12\/kabel_2-400x400.jpg 400w\" sizes=\"(max-width: 150px) 100vw, 150px\" \/><\/a><p id=\"caption-attachment-4131\" class=\"wp-caption-text\">&#8230; und so sieht es jetzt aus.<\/p><\/div>\n<p>Gestern und heute waren wir mal wieder flei\u00dfig! Die Kabel unserer Solar-Panele hingen bisher provisorisch mit\u00a0Klebestreifen befestigt im Cockpit. Nachdem ja nichts so lange h\u00e4lt wie ein Provisorium, hatten wir fast schon angefangen, uns daran zu gew\u00f6hnen, aber es war wirklich nicht sch\u00f6n! Also ist Michl gestern los und hat einen Kabelkanal besorgt, heute gleich noch einen zweiten. Und die beiden hat er heute durch\u00b4s Cockpit verlegt und darin die Kabel versteckt. Sieht gleich viel sauberer und ordentlicher aus! Die Arbeit hat sich wirklich gelohnt.<\/p>\n<p>Dann haben wir noch eine USB-Steckdose zum Laden von z.B. unseren ipods eingebaut. Sie kam in die Verkleidung, in der unsere Instrumente am Navitisch sind. Wir haben die Steckdose jetzt schon ziemlich lang durch die Gegend gefahren, weil wir beide irgendwie keine Lust hatten, die Verkleidung auszubauen. Das hei\u00dft n\u00e4mlich, bei allen Instrumenten die Stecker abnehmen, abschrauben und dann die Wand vorziehen. Was ein ziemliches Gepfriemel ist, weil ein paar Kabel trotzdem dran bleiben und da nicht wirklich viel Platz ist (ist irgendwo viel Platz auf einem Boot?). Und was soll ich sagen: manchmal gehen Sachen auch einfacher als gedacht! Wir mussten die Verkleidung gar nicht wegnehmen, wir haben alle erforderlichen Kabel inkl. der Steckdose auch so dort hinbekommen, wo wir sie gebraucht haben \ud83d\ude42 Nur bl\u00f6d, dass die Instrumente schon abgebaut waren&#8230;<\/p>\n<p>Abends haben wir uns Essen ausw\u00e4rts geg\u00f6nnt &#8211; das hatte sich hier noch gar nicht oft ergeben, aber irgendwie wollten wir uns nach dem arbeitsreichen Tag belohnen. Dorade aus dem Ofen mit Gem\u00fcse und Kartoffeln gab es, sehr lecker! Und weil wir abends dann anscheinend doch noch nicht genug gemacht hatten, haben wir nochmal Pasteis Nata gebacken. Seit einer Weile sammeln wir immer die Aluf\u00f6rmchen, wenn wir uns nach dem Einkaufen ein Pasteis mit Espresso g\u00f6nnen und schon konnten wir die St\u00fcckzahl erh\u00f6hen.<\/p>\n<p>Ansonsten: heute war ja gl\u00fccklicherweise kein\u00a0Weltuntergang, daf\u00fcr aber der k\u00fcrzeste Tag im Jahr. Das hei\u00dft, die Tage werden l\u00e4nger, es geht mit gro\u00dfen Schritten auf den Sommer zu \ud83d\ude42<\/p>\n","protected":false},"excerpt":{"rendered":"<p>Als wir heute aufgestanden sind, war es richtig neblig. Das war vor ein paar Tagen schon mal so, aber da hatte sich das alles schnell verzogen. Heute war es den ganzen Tag irgendwie diesig, wir hatten teilweise das Gef\u00fchl, mitten &hellip; <a href=\"http:\/\/www.ueber-die-meere.de\/wordpress\/?p=4121\">Weiterlesen <span class=\"meta-nav\">&rarr;<\/span><\/a><\/p>\n","protected":false},"author":2,"featured_media":0,"comment_status":"open","ping_status":"open","sticky":false,"template":"","format":"standard","meta":{"ngg_post_thumbnail":0},"categories":[37,75,4],"tags":[],"_links":{"self":[{"href":"http:\/\/www.ueber-die-meere.de\/wordpress\/index.php?rest_route=\/wp\/v2\/posts\/4121"}],"collection":[{"href":"http:\/\/www.ueber-die-meere.de\/wordpress\/index.php?rest_route=\/wp\/v2\/posts"}],"about":[{"href":"http:\/\/www.ueber-die-meere.de\/wordpress\/index.php?rest_route=\/wp\/v2\/types\/post"}],"author":[{"embeddable":true,"href":"http:\/\/www.ueber-die-meere.de\/wordpress\/index.php?rest_route=\/wp\/v2\/users\/2"}],"replies":[{"embeddable":true,"href":"http:\/\/www.ueber-die-meere.de\/wordpress\/index.php?rest_route=%2Fwp%2Fv2%2Fcomments&post=4121"}],"version-history":[{"count":8,"href":"http:\/\/www.ueber-die-meere.de\/wordpress\/index.php?rest_route=\/wp\/v2\/posts\/4121\/revisions"}],"predecessor-version":[{"id":4135,"href":"http:\/\/www.ueber-die-meere.de\/wordpress\/index.php?rest_route=\/wp\/v2\/posts\/4121\/revisions\/4135"}],"wp:attachment":[{"href":"http:\/\/www.ueber-die-meere.de\/wordpress\/index.php?rest_route=%2Fwp%2Fv2%2Fmedia&parent=4121"}],"wp:term":[{"taxonomy":"category","embeddable":true,"href":"http:\/\/www.ueber-die-meere.de\/wordpress\/index.php?rest_route=%2Fwp%2Fv2%2Fcategories&post=4121"},{"taxonomy":"post_tag","embeddable":true,"href":"http:\/\/www.ueber-die-meere.de\/wordpress\/index.php?rest_route=%2Fwp%2Fv2%2Ftags&post=4121"}],"curies":[{"name":"wp","href":"https:\/\/api.w.org\/{rel}","templated":true}]}}