{"id":3960,"date":"2012-12-03T22:42:25","date_gmt":"2012-12-03T21:42:25","guid":{"rendered":"http:\/\/www.ueber-die-meere.de\/wordpress\/?p=3960"},"modified":"2018-05-24T22:00:05","modified_gmt":"2018-05-25T02:00:05","slug":"cabo-sao-vicente","status":"publish","type":"post","link":"http:\/\/www.ueber-die-meere.de\/wordpress\/?p=3960","title":{"rendered":"Cabo S\u00e3o Vicente"},"content":{"rendered":"<p>Da herrliches Wetter vorhergesagt war, haben wir heute einen Ausflug zum\u00a0Cabo de S\u00e3o Vicente unternommen. Das ist der s\u00fcdwestlichste Punkt des europ\u00e4ischen Festlandes und wir wollten ihn, nachdem wir ja schon daran vorbei gesegelt sind, jetzt auch von Land aus besichtigen. Wir sind mit dem Bus gefahren &#8211; eine knappe Stunde Busfahrt durch interessante Landschaft f\u00fcr \u20ac4,10, das ist OK, dachten wir. Die Landschaft hat uns besonders zum Schluss hin ein wenig an Australien erinnert: flach, karg, zwischndurch ein Busch und roter Sand.<\/p>\n<p>Das Wetter heute war tats\u00e4chlich besser als Anfang November &#8211; wir hatten strahlenden Sonnenschein, blauen Himmel und ein leichtes L\u00fcftchen wehte. Am Kap selbst gibt es au\u00dfer dem Leuchtturm (der leider zu hatte) und der \u00e4u\u00dferst grandiosen K\u00fcste nicht sooo viel zu sehen. Naja, vielleicht ist die &#8222;letzte Bratwurst vor Amerika&#8220; noch erw\u00e4hnenswert. Zum Leuchtturm muss allerdings noch erw\u00e4hnt werden, dass dies (laut Wikipedia) der mit der h\u00f6chsten Reichweite in Europa ist, 32 Seemeilen also knapp 60km weit sieht man das Licht. Und den haben wir tats\u00e4chlich schon sehr bald gesehen, als wir um das Kap gefahren sind (wir hatten uns nachts angen\u00e4hert).<\/p>\n<p>Nach dem Kap sind wir noch nach Sagres, das ist der n\u00e4chstgelegene Ort. Da wir schon einmal in der N\u00e4he waren, w\u00e4re es doof gewesen, nicht noch einen Zwischenstopp einzulegen. Sagres ist im Sommer sicher proppenvoll mit Touristen, heute waren die Strassen ruhig und leer. Wir sind zum Fischerhafen marschiert und dann in Richtung Festung. Laut einer Sage (behauptet zumindest der Steinverk\u00e4ufer am Kap) kann man das J\u00fcngste Gericht leichter passieren, wenn man einen Stein aus Sagres dabei hat. Da ja nunmal demn\u00e4chst der Maya-Kalender endet und man nie wissen kann, wollten wir zumindest auf Nummer sicher gehen und haben ein paar Steine eingesammelt. \ud83d\ude42<\/p>\n<!-- index.php -->\n<div\n\tclass=\"ngg-galleryoverview ngg-ajax-pagination-none\"\n\tid=\"ngg-gallery-efb9cab6ca0679302fd3a2d91bc203e3-1\">\n\n    \t<div class=\"slideshowlink\">\n        <a href='http:\/\/www.ueber-die-meere.de\/wordpress\/index.php\/nggallery\/slideshow?p=3960'>[Show as slideshow]<\/a>\n\t\t\n\t<\/div>\n\t\t\t<!-- Thumbnails -->\n\t\t\t\t<div id=\"ngg-image-0\" class=\"ngg-gallery-thumbnail-box\" >\n\t\t\t\t        <div class=\"ngg-gallery-thumbnail\">\n            <a href=\"http:\/\/www.ueber-die-meere.de\/wordpress\/wp-content\/gallery\/cabo_vicente_sagres\/am_wegrand.jpg\"\n               title=\"\"\n               data-src=\"http:\/\/www.ueber-die-meere.de\/wordpress\/wp-content\/gallery\/cabo_vicente_sagres\/am_wegrand.jpg\"\n               data-thumbnail=\"http:\/\/www.ueber-die-meere.de\/wordpress\/wp-content\/gallery\/cabo_vicente_sagres\/thumbs\/thumbs_am_wegrand.jpg\"\n               data-image-id=\"672\"\n               data-title=\"am_wegrand\"\n               data-description=\"\"\n               data-image-slug=\"am_wegrand\"\n               class=\"shutterset_efb9cab6ca0679302fd3a2d91bc203e3\">\n                <img\n                    title=\"am_wegrand\"\n                    alt=\"am_wegrand\"\n                    src=\"http:\/\/www.ueber-die-meere.de\/wordpress\/wp-content\/gallery\/cabo_vicente_sagres\/thumbs\/thumbs_am_wegrand.jpg\"\n                    width=\"100\"\n                    height=\"75\"\n                    style=\"max-width:100%;\"\n                \/>\n            <\/a>\n        <\/div>\n\t\t\t\t\t\t\t<\/div> \n\t\t\t\n        \n\t\t\t\t<div id=\"ngg-image-1\" class=\"ngg-gallery-thumbnail-box\" >\n\t\t\t\t        <div class=\"ngg-gallery-thumbnail\">\n            <a href=\"http:\/\/www.ueber-die-meere.de\/wordpress\/wp-content\/gallery\/cabo_vicente_sagres\/cabo_von_links.jpg\"\n               title=\"\"\n               data-src=\"http:\/\/www.ueber-die-meere.de\/wordpress\/wp-content\/gallery\/cabo_vicente_sagres\/cabo_von_links.jpg\"\n               data-thumbnail=\"http:\/\/www.ueber-die-meere.de\/wordpress\/wp-content\/gallery\/cabo_vicente_sagres\/thumbs\/thumbs_cabo_von_links.jpg\"\n               data-image-id=\"674\"\n               data-title=\"cabo_von_links\"\n               data-description=\"\"\n               data-image-slug=\"cabo_von_links\"\n               class=\"shutterset_efb9cab6ca0679302fd3a2d91bc203e3\">\n                <img\n                    title=\"cabo_von_links\"\n                    alt=\"cabo_von_links\"\n                    src=\"http:\/\/www.ueber-die-meere.de\/wordpress\/wp-content\/gallery\/cabo_vicente_sagres\/thumbs\/thumbs_cabo_von_links.jpg\"\n                    width=\"100\"\n                    height=\"75\"\n                    style=\"max-width:100%;\"\n                \/>\n            <\/a>\n        <\/div>\n\t\t\t\t\t\t\t<\/div> \n\t\t\t\n        \n\t\t\t\t<div id=\"ngg-image-2\" class=\"ngg-gallery-thumbnail-box\" >\n\t\t\t\t        <div class=\"ngg-gallery-thumbnail\">\n            <a href=\"http:\/\/www.ueber-die-meere.de\/wordpress\/wp-content\/gallery\/cabo_vicente_sagres\/wellchen.jpg\"\n               title=\"\"\n               data-src=\"http:\/\/www.ueber-die-meere.de\/wordpress\/wp-content\/gallery\/cabo_vicente_sagres\/wellchen.jpg\"\n               data-thumbnail=\"http:\/\/www.ueber-die-meere.de\/wordpress\/wp-content\/gallery\/cabo_vicente_sagres\/thumbs\/thumbs_wellchen.jpg\"\n               data-image-id=\"690\"\n               data-title=\"wellchen\"\n               data-description=\"\"\n               data-image-slug=\"wellchen\"\n               class=\"shutterset_efb9cab6ca0679302fd3a2d91bc203e3\">\n                <img\n                    title=\"wellchen\"\n                    alt=\"wellchen\"\n                    src=\"http:\/\/www.ueber-die-meere.de\/wordpress\/wp-content\/gallery\/cabo_vicente_sagres\/thumbs\/thumbs_wellchen.jpg\"\n                    width=\"100\"\n                    height=\"75\"\n                    style=\"max-width:100%;\"\n                \/>\n            <\/a>\n        <\/div>\n\t\t\t\t\t\t\t<\/div> \n\t\t\t\n        \n\t\t\t\t<div id=\"ngg-image-3\" class=\"ngg-gallery-thumbnail-box\" >\n\t\t\t\t        <div class=\"ngg-gallery-thumbnail\">\n            <a href=\"http:\/\/www.ueber-die-meere.de\/wordpress\/wp-content\/gallery\/cabo_vicente_sagres\/cabo_von_rechts.jpg\"\n               title=\"\"\n               data-src=\"http:\/\/www.ueber-die-meere.de\/wordpress\/wp-content\/gallery\/cabo_vicente_sagres\/cabo_von_rechts.jpg\"\n               data-thumbnail=\"http:\/\/www.ueber-die-meere.de\/wordpress\/wp-content\/gallery\/cabo_vicente_sagres\/thumbs\/thumbs_cabo_von_rechts.jpg\"\n               data-image-id=\"675\"\n               data-title=\"cabo_von_rechts\"\n               data-description=\"\"\n               data-image-slug=\"cabo_von_rechts\"\n               class=\"shutterset_efb9cab6ca0679302fd3a2d91bc203e3\">\n                <img\n                    title=\"cabo_von_rechts\"\n                    alt=\"cabo_von_rechts\"\n                    src=\"http:\/\/www.ueber-die-meere.de\/wordpress\/wp-content\/gallery\/cabo_vicente_sagres\/thumbs\/thumbs_cabo_von_rechts.jpg\"\n                    width=\"100\"\n                    height=\"75\"\n                    style=\"max-width:100%;\"\n                \/>\n            <\/a>\n        <\/div>\n\t\t\t\t\t\t\t<\/div> \n\t\t\t\n        \n\t\t\t\t<div id=\"ngg-image-4\" class=\"ngg-gallery-thumbnail-box\" >\n\t\t\t\t        <div class=\"ngg-gallery-thumbnail\">\n            <a href=\"http:\/\/www.ueber-die-meere.de\/wordpress\/wp-content\/gallery\/cabo_vicente_sagres\/michl.jpg\"\n               title=\"\"\n               data-src=\"http:\/\/www.ueber-die-meere.de\/wordpress\/wp-content\/gallery\/cabo_vicente_sagres\/michl.jpg\"\n               data-thumbnail=\"http:\/\/www.ueber-die-meere.de\/wordpress\/wp-content\/gallery\/cabo_vicente_sagres\/thumbs\/thumbs_michl.jpg\"\n               data-image-id=\"684\"\n               data-title=\"michl\"\n               data-description=\"\"\n               data-image-slug=\"michl-2\"\n               class=\"shutterset_efb9cab6ca0679302fd3a2d91bc203e3\">\n                <img\n                    title=\"michl\"\n                    alt=\"michl\"\n                    src=\"http:\/\/www.ueber-die-meere.de\/wordpress\/wp-content\/gallery\/cabo_vicente_sagres\/thumbs\/thumbs_michl.jpg\"\n                    width=\"100\"\n                    height=\"75\"\n                    style=\"max-width:100%;\"\n                \/>\n            <\/a>\n        <\/div>\n\t\t\t\t\t\t\t<\/div> \n\t\t\t\n        \n\t\t\t\t<div id=\"ngg-image-5\" class=\"ngg-gallery-thumbnail-box\" >\n\t\t\t\t        <div class=\"ngg-gallery-thumbnail\">\n            <a href=\"http:\/\/www.ueber-die-meere.de\/wordpress\/wp-content\/gallery\/cabo_vicente_sagres\/klippe.jpg\"\n               title=\"\"\n               data-src=\"http:\/\/www.ueber-die-meere.de\/wordpress\/wp-content\/gallery\/cabo_vicente_sagres\/klippe.jpg\"\n               data-thumbnail=\"http:\/\/www.ueber-die-meere.de\/wordpress\/wp-content\/gallery\/cabo_vicente_sagres\/thumbs\/thumbs_klippe.jpg\"\n               data-image-id=\"682\"\n               data-title=\"klippe\"\n               data-description=\"\"\n               data-image-slug=\"klippe\"\n               class=\"shutterset_efb9cab6ca0679302fd3a2d91bc203e3\">\n                <img\n                    title=\"klippe\"\n                    alt=\"klippe\"\n                    src=\"http:\/\/www.ueber-die-meere.de\/wordpress\/wp-content\/gallery\/cabo_vicente_sagres\/thumbs\/thumbs_klippe.jpg\"\n                    width=\"100\"\n                    height=\"75\"\n                    style=\"max-width:100%;\"\n                \/>\n            <\/a>\n        <\/div>\n\t\t\t\t\t\t\t<\/div> \n\t\t\t\n        \n\t\t\t\t<div id=\"ngg-image-6\" class=\"ngg-gallery-thumbnail-box\" >\n\t\t\t\t        <div class=\"ngg-gallery-thumbnail\">\n            <a href=\"http:\/\/www.ueber-die-meere.de\/wordpress\/wp-content\/gallery\/cabo_vicente_sagres\/nordwest.jpg\"\n               title=\"\"\n               data-src=\"http:\/\/www.ueber-die-meere.de\/wordpress\/wp-content\/gallery\/cabo_vicente_sagres\/nordwest.jpg\"\n               data-thumbnail=\"http:\/\/www.ueber-die-meere.de\/wordpress\/wp-content\/gallery\/cabo_vicente_sagres\/thumbs\/thumbs_nordwest.jpg\"\n               data-image-id=\"685\"\n               data-title=\"nordwest\"\n               data-description=\"\"\n               data-image-slug=\"nordwest\"\n               class=\"shutterset_efb9cab6ca0679302fd3a2d91bc203e3\">\n                <img\n                    title=\"nordwest\"\n                    alt=\"nordwest\"\n                    src=\"http:\/\/www.ueber-die-meere.de\/wordpress\/wp-content\/gallery\/cabo_vicente_sagres\/thumbs\/thumbs_nordwest.jpg\"\n                    width=\"100\"\n                    height=\"75\"\n                    style=\"max-width:100%;\"\n                \/>\n            <\/a>\n        <\/div>\n\t\t\t\t\t\t\t<\/div> \n\t\t\t\n        \n\t\t\t\t<div id=\"ngg-image-7\" class=\"ngg-gallery-thumbnail-box\" >\n\t\t\t\t        <div class=\"ngg-gallery-thumbnail\">\n            <a href=\"http:\/\/www.ueber-die-meere.de\/wordpress\/wp-content\/gallery\/cabo_vicente_sagres\/letzte_bratwurst.jpg\"\n               title=\"\"\n               data-src=\"http:\/\/www.ueber-die-meere.de\/wordpress\/wp-content\/gallery\/cabo_vicente_sagres\/letzte_bratwurst.jpg\"\n               data-thumbnail=\"http:\/\/www.ueber-die-meere.de\/wordpress\/wp-content\/gallery\/cabo_vicente_sagres\/thumbs\/thumbs_letzte_bratwurst.jpg\"\n               data-image-id=\"683\"\n               data-title=\"letzte_bratwurst\"\n               data-description=\"\"\n               data-image-slug=\"letzte_bratwurst\"\n               class=\"shutterset_efb9cab6ca0679302fd3a2d91bc203e3\">\n                <img\n                    title=\"letzte_bratwurst\"\n                    alt=\"letzte_bratwurst\"\n                    src=\"http:\/\/www.ueber-die-meere.de\/wordpress\/wp-content\/gallery\/cabo_vicente_sagres\/thumbs\/thumbs_letzte_bratwurst.jpg\"\n                    width=\"100\"\n                    height=\"75\"\n                    style=\"max-width:100%;\"\n                \/>\n            <\/a>\n        <\/div>\n\t\t\t\t\t\t\t<\/div> \n\t\t\t\n        \n\t\t\t\t<div id=\"ngg-image-8\" class=\"ngg-gallery-thumbnail-box\" >\n\t\t\t\t        <div class=\"ngg-gallery-thumbnail\">\n            <a href=\"http:\/\/www.ueber-die-meere.de\/wordpress\/wp-content\/gallery\/cabo_vicente_sagres\/radweg.jpg\"\n               title=\"\"\n               data-src=\"http:\/\/www.ueber-die-meere.de\/wordpress\/wp-content\/gallery\/cabo_vicente_sagres\/radweg.jpg\"\n               data-thumbnail=\"http:\/\/www.ueber-die-meere.de\/wordpress\/wp-content\/gallery\/cabo_vicente_sagres\/thumbs\/thumbs_radweg.jpg\"\n               data-image-id=\"686\"\n               data-title=\"radweg\"\n               data-description=\"\"\n               data-image-slug=\"radweg\"\n               class=\"shutterset_efb9cab6ca0679302fd3a2d91bc203e3\">\n                <img\n                    title=\"radweg\"\n                    alt=\"radweg\"\n                    src=\"http:\/\/www.ueber-die-meere.de\/wordpress\/wp-content\/gallery\/cabo_vicente_sagres\/thumbs\/thumbs_radweg.jpg\"\n                    width=\"100\"\n                    height=\"75\"\n                    style=\"max-width:100%;\"\n                \/>\n            <\/a>\n        <\/div>\n\t\t\t\t\t\t\t<\/div> \n\t\t\t\n        \n\t\t\t\t<div id=\"ngg-image-9\" class=\"ngg-gallery-thumbnail-box\" >\n\t\t\t\t        <div class=\"ngg-gallery-thumbnail\">\n            <a href=\"http:\/\/www.ueber-die-meere.de\/wordpress\/wp-content\/gallery\/cabo_vicente_sagres\/australien.jpg\"\n               title=\"\"\n               data-src=\"http:\/\/www.ueber-die-meere.de\/wordpress\/wp-content\/gallery\/cabo_vicente_sagres\/australien.jpg\"\n               data-thumbnail=\"http:\/\/www.ueber-die-meere.de\/wordpress\/wp-content\/gallery\/cabo_vicente_sagres\/thumbs\/thumbs_australien.jpg\"\n               data-image-id=\"673\"\n               data-title=\"australien\"\n               data-description=\"\"\n               data-image-slug=\"australien\"\n               class=\"shutterset_efb9cab6ca0679302fd3a2d91bc203e3\">\n                <img\n                    title=\"australien\"\n                    alt=\"australien\"\n                    src=\"http:\/\/www.ueber-die-meere.de\/wordpress\/wp-content\/gallery\/cabo_vicente_sagres\/thumbs\/thumbs_australien.jpg\"\n                    width=\"100\"\n                    height=\"75\"\n                    style=\"max-width:100%;\"\n                \/>\n            <\/a>\n        <\/div>\n\t\t\t\t\t\t\t<\/div> \n\t\t\t\n        \n\t\t\t\t<div id=\"ngg-image-10\" class=\"ngg-gallery-thumbnail-box\" >\n\t\t\t\t        <div class=\"ngg-gallery-thumbnail\">\n            <a href=\"http:\/\/www.ueber-die-meere.de\/wordpress\/wp-content\/gallery\/cabo_vicente_sagres\/einfahrt_sagres.jpg\"\n               title=\"\"\n               data-src=\"http:\/\/www.ueber-die-meere.de\/wordpress\/wp-content\/gallery\/cabo_vicente_sagres\/einfahrt_sagres.jpg\"\n               data-thumbnail=\"http:\/\/www.ueber-die-meere.de\/wordpress\/wp-content\/gallery\/cabo_vicente_sagres\/thumbs\/thumbs_einfahrt_sagres.jpg\"\n               data-image-id=\"678\"\n               data-title=\"einfahrt_sagres\"\n               data-description=\"\"\n               data-image-slug=\"einfahrt_sagres\"\n               class=\"shutterset_efb9cab6ca0679302fd3a2d91bc203e3\">\n                <img\n                    title=\"einfahrt_sagres\"\n                    alt=\"einfahrt_sagres\"\n                    src=\"http:\/\/www.ueber-die-meere.de\/wordpress\/wp-content\/gallery\/cabo_vicente_sagres\/thumbs\/thumbs_einfahrt_sagres.jpg\"\n                    width=\"100\"\n                    height=\"75\"\n                    style=\"max-width:100%;\"\n                \/>\n            <\/a>\n        <\/div>\n\t\t\t\t\t\t\t<\/div> \n\t\t\t\n        \n\t\t\t\t<div id=\"ngg-image-11\" class=\"ngg-gallery-thumbnail-box\" >\n\t\t\t\t        <div class=\"ngg-gallery-thumbnail\">\n            <a href=\"http:\/\/www.ueber-die-meere.de\/wordpress\/wp-content\/gallery\/cabo_vicente_sagres\/hafen_sagres.jpg\"\n               title=\"\"\n               data-src=\"http:\/\/www.ueber-die-meere.de\/wordpress\/wp-content\/gallery\/cabo_vicente_sagres\/hafen_sagres.jpg\"\n               data-thumbnail=\"http:\/\/www.ueber-die-meere.de\/wordpress\/wp-content\/gallery\/cabo_vicente_sagres\/thumbs\/thumbs_hafen_sagres.jpg\"\n               data-image-id=\"679\"\n               data-title=\"hafen_sagres\"\n               data-description=\"\"\n               data-image-slug=\"hafen_sagres\"\n               class=\"shutterset_efb9cab6ca0679302fd3a2d91bc203e3\">\n                <img\n                    title=\"hafen_sagres\"\n                    alt=\"hafen_sagres\"\n                    src=\"http:\/\/www.ueber-die-meere.de\/wordpress\/wp-content\/gallery\/cabo_vicente_sagres\/thumbs\/thumbs_hafen_sagres.jpg\"\n                    width=\"100\"\n                    height=\"75\"\n                    style=\"max-width:100%;\"\n                \/>\n            <\/a>\n        <\/div>\n\t\t\t\t\t\t\t<\/div> \n\t\t\t\n        \n\t\t\t\t<div id=\"ngg-image-12\" class=\"ngg-gallery-thumbnail-box\" >\n\t\t\t\t        <div class=\"ngg-gallery-thumbnail\">\n            <a href=\"http:\/\/www.ueber-die-meere.de\/wordpress\/wp-content\/gallery\/cabo_vicente_sagres\/werft_sagres.jpg\"\n               title=\"\"\n               data-src=\"http:\/\/www.ueber-die-meere.de\/wordpress\/wp-content\/gallery\/cabo_vicente_sagres\/werft_sagres.jpg\"\n               data-thumbnail=\"http:\/\/www.ueber-die-meere.de\/wordpress\/wp-content\/gallery\/cabo_vicente_sagres\/thumbs\/thumbs_werft_sagres.jpg\"\n               data-image-id=\"691\"\n               data-title=\"werft_sagres\"\n               data-description=\"\"\n               data-image-slug=\"werft_sagres\"\n               class=\"shutterset_efb9cab6ca0679302fd3a2d91bc203e3\">\n                <img\n                    title=\"werft_sagres\"\n                    alt=\"werft_sagres\"\n                    src=\"http:\/\/www.ueber-die-meere.de\/wordpress\/wp-content\/gallery\/cabo_vicente_sagres\/thumbs\/thumbs_werft_sagres.jpg\"\n                    width=\"100\"\n                    height=\"75\"\n                    style=\"max-width:100%;\"\n                \/>\n            <\/a>\n        <\/div>\n\t\t\t\t\t\t\t<\/div> \n\t\t\t\n        \n\t\t\t\t<div id=\"ngg-image-13\" class=\"ngg-gallery-thumbnail-box\" >\n\t\t\t\t        <div class=\"ngg-gallery-thumbnail\">\n            <a href=\"http:\/\/www.ueber-die-meere.de\/wordpress\/wp-content\/gallery\/cabo_vicente_sagres\/heinrich_in_sagres.jpg\"\n               title=\"\"\n               data-src=\"http:\/\/www.ueber-die-meere.de\/wordpress\/wp-content\/gallery\/cabo_vicente_sagres\/heinrich_in_sagres.jpg\"\n               data-thumbnail=\"http:\/\/www.ueber-die-meere.de\/wordpress\/wp-content\/gallery\/cabo_vicente_sagres\/thumbs\/thumbs_heinrich_in_sagres.jpg\"\n               data-image-id=\"680\"\n               data-title=\"heinrich_in_sagres\"\n               data-description=\"\"\n               data-image-slug=\"heinrich_in_sagres\"\n               class=\"shutterset_efb9cab6ca0679302fd3a2d91bc203e3\">\n                <img\n                    title=\"heinrich_in_sagres\"\n                    alt=\"heinrich_in_sagres\"\n                    src=\"http:\/\/www.ueber-die-meere.de\/wordpress\/wp-content\/gallery\/cabo_vicente_sagres\/thumbs\/thumbs_heinrich_in_sagres.jpg\"\n                    width=\"100\"\n                    height=\"75\"\n                    style=\"max-width:100%;\"\n                \/>\n            <\/a>\n        <\/div>\n\t\t\t\t\t\t\t<\/div> \n\t\t\t\n        \n\t\t\t\t<div id=\"ngg-image-14\" class=\"ngg-gallery-thumbnail-box\" >\n\t\t\t\t        <div class=\"ngg-gallery-thumbnail\">\n            <a href=\"http:\/\/www.ueber-die-meere.de\/wordpress\/wp-content\/gallery\/cabo_vicente_sagres\/kaktee.jpg\"\n               title=\"\"\n               data-src=\"http:\/\/www.ueber-die-meere.de\/wordpress\/wp-content\/gallery\/cabo_vicente_sagres\/kaktee.jpg\"\n               data-thumbnail=\"http:\/\/www.ueber-die-meere.de\/wordpress\/wp-content\/gallery\/cabo_vicente_sagres\/thumbs\/thumbs_kaktee.jpg\"\n               data-image-id=\"681\"\n               data-title=\"kaktee\"\n               data-description=\"\"\n               data-image-slug=\"kaktee-2\"\n               class=\"shutterset_efb9cab6ca0679302fd3a2d91bc203e3\">\n                <img\n                    title=\"kaktee\"\n                    alt=\"kaktee\"\n                    src=\"http:\/\/www.ueber-die-meere.de\/wordpress\/wp-content\/gallery\/cabo_vicente_sagres\/thumbs\/thumbs_kaktee.jpg\"\n                    width=\"100\"\n                    height=\"75\"\n                    style=\"max-width:100%;\"\n                \/>\n            <\/a>\n        <\/div>\n\t\t\t\t\t\t\t<\/div> \n\t\t\t\n        \n\t\t\t\t<div id=\"ngg-image-15\" class=\"ngg-gallery-thumbnail-box\" >\n\t\t\t\t        <div class=\"ngg-gallery-thumbnail\">\n            <a href=\"http:\/\/www.ueber-die-meere.de\/wordpress\/wp-content\/gallery\/cabo_vicente_sagres\/cabo_von_sagres.jpg\"\n               title=\"\"\n               data-src=\"http:\/\/www.ueber-die-meere.de\/wordpress\/wp-content\/gallery\/cabo_vicente_sagres\/cabo_von_sagres.jpg\"\n               data-thumbnail=\"http:\/\/www.ueber-die-meere.de\/wordpress\/wp-content\/gallery\/cabo_vicente_sagres\/thumbs\/thumbs_cabo_von_sagres.jpg\"\n               data-image-id=\"676\"\n               data-title=\"cabo_von_sagres\"\n               data-description=\"\"\n               data-image-slug=\"cabo_von_sagres\"\n               class=\"shutterset_efb9cab6ca0679302fd3a2d91bc203e3\">\n                <img\n                    title=\"cabo_von_sagres\"\n                    alt=\"cabo_von_sagres\"\n                    src=\"http:\/\/www.ueber-die-meere.de\/wordpress\/wp-content\/gallery\/cabo_vicente_sagres\/thumbs\/thumbs_cabo_von_sagres.jpg\"\n                    width=\"100\"\n                    height=\"75\"\n                    style=\"max-width:100%;\"\n                \/>\n            <\/a>\n        <\/div>\n\t\t\t\t\t\t\t<\/div> \n\t\t\t\n        \n\t\t\t\t<div id=\"ngg-image-16\" class=\"ngg-gallery-thumbnail-box\" >\n\t\t\t\t        <div class=\"ngg-gallery-thumbnail\">\n            <a href=\"http:\/\/www.ueber-die-meere.de\/wordpress\/wp-content\/gallery\/cabo_vicente_sagres\/steine.jpg\"\n               title=\"\"\n               data-src=\"http:\/\/www.ueber-die-meere.de\/wordpress\/wp-content\/gallery\/cabo_vicente_sagres\/steine.jpg\"\n               data-thumbnail=\"http:\/\/www.ueber-die-meere.de\/wordpress\/wp-content\/gallery\/cabo_vicente_sagres\/thumbs\/thumbs_steine.jpg\"\n               data-image-id=\"692\"\n               data-title=\"steine\"\n               data-description=\"\"\n               data-image-slug=\"steine\"\n               class=\"shutterset_efb9cab6ca0679302fd3a2d91bc203e3\">\n                <img\n                    title=\"steine\"\n                    alt=\"steine\"\n                    src=\"http:\/\/www.ueber-die-meere.de\/wordpress\/wp-content\/gallery\/cabo_vicente_sagres\/thumbs\/thumbs_steine.jpg\"\n                    width=\"100\"\n                    height=\"75\"\n                    style=\"max-width:100%;\"\n                \/>\n            <\/a>\n        <\/div>\n\t\t\t\t\t\t\t<\/div> \n\t\t\t\n        \n\t\t\t\t<div id=\"ngg-image-17\" class=\"ngg-gallery-thumbnail-box\" >\n\t\t\t\t        <div class=\"ngg-gallery-thumbnail\">\n            <a href=\"http:\/\/www.ueber-die-meere.de\/wordpress\/wp-content\/gallery\/cabo_vicente_sagres\/cultfahrzeug.jpg\"\n               title=\"\"\n               data-src=\"http:\/\/www.ueber-die-meere.de\/wordpress\/wp-content\/gallery\/cabo_vicente_sagres\/cultfahrzeug.jpg\"\n               data-thumbnail=\"http:\/\/www.ueber-die-meere.de\/wordpress\/wp-content\/gallery\/cabo_vicente_sagres\/thumbs\/thumbs_cultfahrzeug.jpg\"\n               data-image-id=\"677\"\n               data-title=\"cultfahrzeug\"\n               data-description=\"\"\n               data-image-slug=\"cultfahrzeug\"\n               class=\"shutterset_efb9cab6ca0679302fd3a2d91bc203e3\">\n                <img\n                    title=\"cultfahrzeug\"\n                    alt=\"cultfahrzeug\"\n                    src=\"http:\/\/www.ueber-die-meere.de\/wordpress\/wp-content\/gallery\/cabo_vicente_sagres\/thumbs\/thumbs_cultfahrzeug.jpg\"\n                    width=\"100\"\n                    height=\"75\"\n                    style=\"max-width:100%;\"\n                \/>\n            <\/a>\n        <\/div>\n\t\t\t\t\t\t\t<\/div> \n\t\t\t\n        \n\t\t\t\t<div id=\"ngg-image-18\" class=\"ngg-gallery-thumbnail-box\" >\n\t\t\t\t        <div class=\"ngg-gallery-thumbnail\">\n            <a href=\"http:\/\/www.ueber-die-meere.de\/wordpress\/wp-content\/gallery\/cabo_vicente_sagres\/schiefer_baum.jpg\"\n               title=\"\"\n               data-src=\"http:\/\/www.ueber-die-meere.de\/wordpress\/wp-content\/gallery\/cabo_vicente_sagres\/schiefer_baum.jpg\"\n               data-thumbnail=\"http:\/\/www.ueber-die-meere.de\/wordpress\/wp-content\/gallery\/cabo_vicente_sagres\/thumbs\/thumbs_schiefer_baum.jpg\"\n               data-image-id=\"687\"\n               data-title=\"schiefer_baum\"\n               data-description=\"\"\n               data-image-slug=\"schiefer_baum\"\n               class=\"shutterset_efb9cab6ca0679302fd3a2d91bc203e3\">\n                <img\n                    title=\"schiefer_baum\"\n                    alt=\"schiefer_baum\"\n                    src=\"http:\/\/www.ueber-die-meere.de\/wordpress\/wp-content\/gallery\/cabo_vicente_sagres\/thumbs\/thumbs_schiefer_baum.jpg\"\n                    width=\"100\"\n                    height=\"75\"\n                    style=\"max-width:100%;\"\n                \/>\n            <\/a>\n        <\/div>\n\t\t\t\t\t\t\t<\/div> \n\t\t\t\n        \n\t\t\t\t<div id=\"ngg-image-19\" class=\"ngg-gallery-thumbnail-box\" >\n\t\t\t\t        <div class=\"ngg-gallery-thumbnail\">\n            <a href=\"http:\/\/www.ueber-die-meere.de\/wordpress\/wp-content\/gallery\/cabo_vicente_sagres\/strelitzien.jpg\"\n               title=\"\"\n               data-src=\"http:\/\/www.ueber-die-meere.de\/wordpress\/wp-content\/gallery\/cabo_vicente_sagres\/strelitzien.jpg\"\n               data-thumbnail=\"http:\/\/www.ueber-die-meere.de\/wordpress\/wp-content\/gallery\/cabo_vicente_sagres\/thumbs\/thumbs_strelitzien.jpg\"\n               data-image-id=\"688\"\n               data-title=\"strelitzien\"\n               data-description=\"\"\n               data-image-slug=\"strelitzien\"\n               class=\"shutterset_efb9cab6ca0679302fd3a2d91bc203e3\">\n                <img\n                    title=\"strelitzien\"\n                    alt=\"strelitzien\"\n                    src=\"http:\/\/www.ueber-die-meere.de\/wordpress\/wp-content\/gallery\/cabo_vicente_sagres\/thumbs\/thumbs_strelitzien.jpg\"\n                    width=\"100\"\n                    height=\"75\"\n                    style=\"max-width:100%;\"\n                \/>\n            <\/a>\n        <\/div>\n\t\t\t\t\t\t\t<\/div> \n\t\t\t\n        \n\t\t\t\t<div id=\"ngg-image-20\" class=\"ngg-gallery-thumbnail-box\" >\n\t\t\t\t        <div class=\"ngg-gallery-thumbnail\">\n            <a href=\"http:\/\/www.ueber-die-meere.de\/wordpress\/wp-content\/gallery\/cabo_vicente_sagres\/vorgarten.jpg\"\n               title=\"\"\n               data-src=\"http:\/\/www.ueber-die-meere.de\/wordpress\/wp-content\/gallery\/cabo_vicente_sagres\/vorgarten.jpg\"\n               data-thumbnail=\"http:\/\/www.ueber-die-meere.de\/wordpress\/wp-content\/gallery\/cabo_vicente_sagres\/thumbs\/thumbs_vorgarten.jpg\"\n               data-image-id=\"689\"\n               data-title=\"vorgarten\"\n               data-description=\"\"\n               data-image-slug=\"vorgarten\"\n               class=\"shutterset_efb9cab6ca0679302fd3a2d91bc203e3\">\n                <img\n                    title=\"vorgarten\"\n                    alt=\"vorgarten\"\n                    src=\"http:\/\/www.ueber-die-meere.de\/wordpress\/wp-content\/gallery\/cabo_vicente_sagres\/thumbs\/thumbs_vorgarten.jpg\"\n                    width=\"100\"\n                    height=\"75\"\n                    style=\"max-width:100%;\"\n                \/>\n            <\/a>\n        <\/div>\n\t\t\t\t\t\t\t<\/div> \n\t\t\t\n        \n\t\t\n\t\t<div class=\"ngg-clear\"><\/div>\n\t<\/div>\n\n<p>Jetzt abends waren wir beim Singen. Wir haben zwar nicht jeden Ton getroffen, hat aber richtig Spa\u00df gemacht \ud83d\ude42 Es war eine lustige Mischung aus Schweden, Franzosen, Holl\u00e4ndern, etlichen Briten und zwei Deutschen. Irgendwann um den Heilig Abend herum soll das ganze in verschiedenen Lokalit\u00e4ten vorgef\u00fchrt und dabei Geld f\u00fcr das Kinderheim vor Ort gesammelt werden. Wir finden das eine richtig gute Idee! Mal sehn, ob wir dann da noch da sind und das unterst\u00fctzen k\u00f6nnen.<\/p>\n","protected":false},"excerpt":{"rendered":"<p>Da herrliches Wetter vorhergesagt war, haben wir heute einen Ausflug zum\u00a0Cabo de S\u00e3o Vicente unternommen. Das ist der s\u00fcdwestlichste Punkt des europ\u00e4ischen Festlandes und wir wollten ihn, nachdem wir ja schon daran vorbei gesegelt sind, jetzt auch von Land aus &hellip; <a href=\"http:\/\/www.ueber-die-meere.de\/wordpress\/?p=3960\">Weiterlesen <span class=\"meta-nav\">&rarr;<\/span><\/a><\/p>\n","protected":false},"author":2,"featured_media":0,"comment_status":"open","ping_status":"open","sticky":false,"template":"","format":"standard","meta":{"ngg_post_thumbnail":0},"categories":[28,37,75,4],"tags":[],"_links":{"self":[{"href":"http:\/\/www.ueber-die-meere.de\/wordpress\/index.php?rest_route=\/wp\/v2\/posts\/3960"}],"collection":[{"href":"http:\/\/www.ueber-die-meere.de\/wordpress\/index.php?rest_route=\/wp\/v2\/posts"}],"about":[{"href":"http:\/\/www.ueber-die-meere.de\/wordpress\/index.php?rest_route=\/wp\/v2\/types\/post"}],"author":[{"embeddable":true,"href":"http:\/\/www.ueber-die-meere.de\/wordpress\/index.php?rest_route=\/wp\/v2\/users\/2"}],"replies":[{"embeddable":true,"href":"http:\/\/www.ueber-die-meere.de\/wordpress\/index.php?rest_route=%2Fwp%2Fv2%2Fcomments&post=3960"}],"version-history":[{"count":15,"href":"http:\/\/www.ueber-die-meere.de\/wordpress\/index.php?rest_route=\/wp\/v2\/posts\/3960\/revisions"}],"predecessor-version":[{"id":3976,"href":"http:\/\/www.ueber-die-meere.de\/wordpress\/index.php?rest_route=\/wp\/v2\/posts\/3960\/revisions\/3976"}],"wp:attachment":[{"href":"http:\/\/www.ueber-die-meere.de\/wordpress\/index.php?rest_route=%2Fwp%2Fv2%2Fmedia&parent=3960"}],"wp:term":[{"taxonomy":"category","embeddable":true,"href":"http:\/\/www.ueber-die-meere.de\/wordpress\/index.php?rest_route=%2Fwp%2Fv2%2Fcategories&post=3960"},{"taxonomy":"post_tag","embeddable":true,"href":"http:\/\/www.ueber-die-meere.de\/wordpress\/index.php?rest_route=%2Fwp%2Fv2%2Ftags&post=3960"}],"curies":[{"name":"wp","href":"https:\/\/api.w.org\/{rel}","templated":true}]}}