{"id":3827,"date":"2012-11-21T23:09:49","date_gmt":"2012-11-21T22:09:49","guid":{"rendered":"http:\/\/www.ueber-die-meere.de\/wordpress\/?p=3827"},"modified":"2018-05-24T22:00:06","modified_gmt":"2018-05-25T02:00:06","slug":"buchbinder-wanninger","status":"publish","type":"post","link":"http:\/\/www.ueber-die-meere.de\/wordpress\/?p=3827","title":{"rendered":"Buchbinder Wanninger"},"content":{"rendered":"<p>So langsam f\u00fchlen wir uns wie der Buchbinder Wanninger, wenn es um unsere Tollwut-Impfung geht. Letzte Woche in der Apotheke haben sie uns ja erz\u00e4hlt, dass wir dazu ins Centro de Saude (Gesundheitszentrum) in Lagos m\u00fcssen. Dort haben sie uns ins Centro de Saude von Portimao (sehr modern und bestens organisiert!) geschickt und die haben uns heute erz\u00e4hlt, dass wir in der Apotheke den Impfstoff besorgen m\u00fcssen. Also wieder zur\u00fcck auf Los. Aber erst m\u00fcssen wir zum Arzt, der uns ein Rezept daf\u00fcr ausstellt. Somit werden wir morgen sehen, ob wir einen Arzt finden, der uns das gew\u00fcnschte schreibt, sonst m\u00fcssen wir unseren alten Hausarzt aktivieren. Wir sind schon neugierig \ud83d\ude09<\/p>\n<p><a href=\"http:\/\/www.ueber-die-meere.de\/wordpress\/wp-content\/uploads\/2012\/11\/vergangene_schoenheit.jpg\"><img loading=\"lazy\" class=\"alignleft size-thumbnail wp-image-3838\" title=\"vergangene_schoenheit\" src=\"http:\/\/www.ueber-die-meere.de\/wordpress\/wp-content\/uploads\/2012\/11\/vergangene_schoenheit-150x150.jpg\" alt=\"\" width=\"150\" height=\"150\" srcset=\"http:\/\/www.ueber-die-meere.de\/wordpress\/wp-content\/uploads\/2012\/11\/vergangene_schoenheit-150x150.jpg 150w, http:\/\/www.ueber-die-meere.de\/wordpress\/wp-content\/uploads\/2012\/11\/vergangene_schoenheit-400x400.jpg 400w\" sizes=\"(max-width: 150px) 100vw, 150px\" \/><\/a>Bei der Gelegenheit haben wir uns auch Portimao ein wenig angesehen. Die Marina ist ein wenig g\u00fcnstiger als hier und da kommt man schon auf den Gedanken, eventuell ein St\u00fcck weiter zu fahren. Aber irgendwie hat zumindest uns nichts wirklich gereizt an Portimao. Man muss weit laufen, um ins Zentrum zu kommen, in der Marina sind wenig Segelboote und noch weniger sehen bewohnt aus (so ein bisschen Kommunikation ab und an muss schon sein) \u00a0und das Flair hier in Lagos gef\u00e4llt uns einfach besser.<\/p>\n<p><a href=\"http:\/\/www.ueber-die-meere.de\/wordpress\/wp-content\/uploads\/2012\/11\/kunst_an_der-promenade.jpg\"><img loading=\"lazy\" class=\"alignnone size-thumbnail wp-image-3843\" title=\"kunst_an_der promenade\" src=\"http:\/\/www.ueber-die-meere.de\/wordpress\/wp-content\/uploads\/2012\/11\/kunst_an_der-promenade-150x150.jpg\" alt=\"\" width=\"150\" height=\"150\" srcset=\"http:\/\/www.ueber-die-meere.de\/wordpress\/wp-content\/uploads\/2012\/11\/kunst_an_der-promenade-150x150.jpg 150w, http:\/\/www.ueber-die-meere.de\/wordpress\/wp-content\/uploads\/2012\/11\/kunst_an_der-promenade-400x400.jpg 400w\" sizes=\"(max-width: 150px) 100vw, 150px\" \/><\/a>\u00a0\u00a0<a href=\"http:\/\/www.ueber-die-meere.de\/wordpress\/wp-content\/uploads\/2012\/11\/bahnhof_portimao.jpg\"><img loading=\"lazy\" class=\"alignnone size-thumbnail wp-image-3839\" title=\"bahnhof_portimao\" src=\"http:\/\/www.ueber-die-meere.de\/wordpress\/wp-content\/uploads\/2012\/11\/bahnhof_portimao-150x150.jpg\" alt=\"\" width=\"150\" height=\"150\" \/><\/a>\u00a0\u00a0<a href=\"http:\/\/www.ueber-die-meere.de\/wordpress\/wp-content\/uploads\/2012\/11\/fenster.jpg\"><img loading=\"lazy\" class=\"alignnone size-thumbnail wp-image-3841\" title=\"fenster\" src=\"http:\/\/www.ueber-die-meere.de\/wordpress\/wp-content\/uploads\/2012\/11\/fenster-150x150.jpg\" alt=\"\" width=\"150\" height=\"150\" srcset=\"http:\/\/www.ueber-die-meere.de\/wordpress\/wp-content\/uploads\/2012\/11\/fenster-150x150.jpg 150w, http:\/\/www.ueber-die-meere.de\/wordpress\/wp-content\/uploads\/2012\/11\/fenster-400x400.jpg 400w\" sizes=\"(max-width: 150px) 100vw, 150px\" \/><\/a><\/p>\n<p>Als wir wieder zur\u00fcck waren, haben wir an der Rezeption noch ein Paket abgeholt. Meine Eltern haben mal wieder ein Care-Paket geschickt, diesmal aufgrund der Jahreszeit unter anderem mit Weihnachtsstollen und Fr\u00fcchtebrot (selbstgebacken!). Sehr lecker! Das Fr\u00fcchtebrot haben wir zur Tea-Time schon probiert, der Stollen soll noch zwei Wochen liegen. Ob wir das durchhalten&#8230; das wird schwer! Sehr gefreut haben wir uns auch \u00fcber ein nachtr\u00e4gliches Halloween-P\u00e4ckchen von Eva, Kassiopeias Taufpatin. DANKE f\u00fcr alles \ud83d\ude42<\/p>\n<p><a href=\"http:\/\/www.ueber-die-meere.de\/wordpress\/wp-content\/uploads\/2012\/11\/care.jpg\"><img loading=\"lazy\" class=\"alignnone size-thumbnail wp-image-3844\" title=\"care\" src=\"http:\/\/www.ueber-die-meere.de\/wordpress\/wp-content\/uploads\/2012\/11\/care-150x150.jpg\" alt=\"\" width=\"150\" height=\"150\" srcset=\"http:\/\/www.ueber-die-meere.de\/wordpress\/wp-content\/uploads\/2012\/11\/care-150x150.jpg 150w, http:\/\/www.ueber-die-meere.de\/wordpress\/wp-content\/uploads\/2012\/11\/care-400x400.jpg 400w\" sizes=\"(max-width: 150px) 100vw, 150px\" \/><\/a>\u00a0\u00a0<a href=\"http:\/\/www.ueber-die-meere.de\/wordpress\/wp-content\/uploads\/2012\/11\/stollenverpackung.jpg\"><img loading=\"lazy\" class=\"alignnone size-thumbnail wp-image-3842\" title=\"stollenverpackung\" src=\"http:\/\/www.ueber-die-meere.de\/wordpress\/wp-content\/uploads\/2012\/11\/stollenverpackung-150x150.jpg\" alt=\"\" width=\"150\" height=\"150\" srcset=\"http:\/\/www.ueber-die-meere.de\/wordpress\/wp-content\/uploads\/2012\/11\/stollenverpackung-150x150.jpg 150w, http:\/\/www.ueber-die-meere.de\/wordpress\/wp-content\/uploads\/2012\/11\/stollenverpackung-400x400.jpg 400w\" sizes=\"(max-width: 150px) 100vw, 150px\" \/><\/a>\u00a0<a href=\"http:\/\/www.ueber-die-meere.de\/wordpress\/wp-content\/uploads\/2012\/11\/fruechtebrot.jpg\"><img loading=\"lazy\" class=\"alignnone size-thumbnail wp-image-3845\" title=\"fruechtebrot\" src=\"http:\/\/www.ueber-die-meere.de\/wordpress\/wp-content\/uploads\/2012\/11\/fruechtebrot-150x150.jpg\" alt=\"\" width=\"150\" height=\"150\" srcset=\"http:\/\/www.ueber-die-meere.de\/wordpress\/wp-content\/uploads\/2012\/11\/fruechtebrot-150x150.jpg 150w, http:\/\/www.ueber-die-meere.de\/wordpress\/wp-content\/uploads\/2012\/11\/fruechtebrot-400x400.jpg 400w\" sizes=\"(max-width: 150px) 100vw, 150px\" \/><\/a><\/p>\n","protected":false},"excerpt":{"rendered":"<p>So langsam f\u00fchlen wir uns wie der Buchbinder Wanninger, wenn es um unsere Tollwut-Impfung geht. Letzte Woche in der Apotheke haben sie uns ja erz\u00e4hlt, dass wir dazu ins Centro de Saude (Gesundheitszentrum) in Lagos m\u00fcssen. Dort haben sie uns &hellip; <a href=\"http:\/\/www.ueber-die-meere.de\/wordpress\/?p=3827\">Weiterlesen <span class=\"meta-nav\">&rarr;<\/span><\/a><\/p>\n","protected":false},"author":2,"featured_media":0,"comment_status":"open","ping_status":"open","sticky":false,"template":"","format":"standard","meta":{"ngg_post_thumbnail":0},"categories":[37,75,4],"tags":[],"_links":{"self":[{"href":"http:\/\/www.ueber-die-meere.de\/wordpress\/index.php?rest_route=\/wp\/v2\/posts\/3827"}],"collection":[{"href":"http:\/\/www.ueber-die-meere.de\/wordpress\/index.php?rest_route=\/wp\/v2\/posts"}],"about":[{"href":"http:\/\/www.ueber-die-meere.de\/wordpress\/index.php?rest_route=\/wp\/v2\/types\/post"}],"author":[{"embeddable":true,"href":"http:\/\/www.ueber-die-meere.de\/wordpress\/index.php?rest_route=\/wp\/v2\/users\/2"}],"replies":[{"embeddable":true,"href":"http:\/\/www.ueber-die-meere.de\/wordpress\/index.php?rest_route=%2Fwp%2Fv2%2Fcomments&post=3827"}],"version-history":[{"count":12,"href":"http:\/\/www.ueber-die-meere.de\/wordpress\/index.php?rest_route=\/wp\/v2\/posts\/3827\/revisions"}],"predecessor-version":[{"id":3849,"href":"http:\/\/www.ueber-die-meere.de\/wordpress\/index.php?rest_route=\/wp\/v2\/posts\/3827\/revisions\/3849"}],"wp:attachment":[{"href":"http:\/\/www.ueber-die-meere.de\/wordpress\/index.php?rest_route=%2Fwp%2Fv2%2Fmedia&parent=3827"}],"wp:term":[{"taxonomy":"category","embeddable":true,"href":"http:\/\/www.ueber-die-meere.de\/wordpress\/index.php?rest_route=%2Fwp%2Fv2%2Fcategories&post=3827"},{"taxonomy":"post_tag","embeddable":true,"href":"http:\/\/www.ueber-die-meere.de\/wordpress\/index.php?rest_route=%2Fwp%2Fv2%2Ftags&post=3827"}],"curies":[{"name":"wp","href":"https:\/\/api.w.org\/{rel}","templated":true}]}}