{"id":24068,"date":"2019-07-26T09:30:36","date_gmt":"2019-07-26T07:30:36","guid":{"rendered":"http:\/\/www.ueber-die-meere.de\/wordpress\/?p=24068"},"modified":"2019-07-26T12:35:32","modified_gmt":"2019-07-26T10:35:32","slug":"fuss-fassen","status":"publish","type":"post","link":"http:\/\/www.ueber-die-meere.de\/wordpress\/?p=24068","title":{"rendered":"Fu\u00df fassen"},"content":{"rendered":"\n<p>Eine der Fragen, die wir bisher sehr oft zu h\u00f6ren bekommen haben, war: habt Ihr Euch schon wieder eingew\u00f6hnt? Beantworten k\u00f6nnen wir das mit einem ganz eindeutigen Jein. <\/p>\n\n\n\n<p>Die Wohnung wird wohnlicher, fertig sind wir noch nicht. Inzwischen haben wir uns zumindest schon daran gew\u00f6hnt, eine eigene funktionsf\u00e4hige, ger\u00e4umige K\u00fcche mit, f\u00fcr unseren Geschmack, recht viel Schnickschnack zu haben (Sp\u00fclmaschine!, Backofen mit einer F\u00fclle an Einstellm\u00f6glichkeiten!). Und auch wieder unsere eingelagerten Sachen zu nutzen ist ein sch\u00f6nes Gef\u00fchl. Da macht es nicht wirklich viel aus, dass es im Schlafzimmer noch etwas provisorisch zugeht (es fehlt der Kleiderschrank&#8230;) und wir \u00fcberall die typischen Designerlampen haben, die praktisch jeder nach einem Umzug eine Weile lang hat. Hauptsache, es ist hell &#8211; und das ist die Wohnung auch bei Tag ohne Licht!<\/p>\n\n\n\n<p>Wir haben uns gut ohne Auto eingerichtet. Mit Satteltasche und inzwischen einem Anh\u00e4nger kann man mit dem Fahrrad auch Gro\u00dfeink\u00e4ufe machen. Und muss danach keinen Parkplatz suchen! Carsharing haben wir als Option schon im Hinterkopf, bisher konnten wir uns aber f\u00fcr den Fall der F\u00e4lle immer ein Auto leihen &#8211; Danke!!<\/p>\n\n\n\n<p>Arbeitstechnisch sind wir auch ganz gut dabei und k\u00f6nnen nicht mosern. Michl ist weiter selbst\u00e4ndig, inzwischen eben nicht mehr mit unterwegs-Office sondern Schreibtisch daheim. Ich hab eine Festanstellung bekommen, wenn alles glatt geht bis Herbst irgendwann mit mehr Stunden. Und jetzt im Sommer genie\u00dfe ich einfach die 3-Tage-Woche \ud83d\ude42<\/p>\n\n\n\n<p>Warum dann kein eindeutiges Ja? Das Reisen fehlt uns schon ganz sch\u00f6n. Wir haben so viel gesehen und erlebt die letzten Jahre, das wird uns jetzt sogar noch bewusster. Mit so einem mobilen Wohnsitz macht man einfach ganz andere Erfahrungen als mit unbeweglichem Wohnsitz. Die Anforderungen an einen selbst sind ganz anders, und das sich immer wieder neu orientieren macht trotz gelegentlicher Anstrengung schon sehr viel Freude. <\/p>\n","protected":false},"excerpt":{"rendered":"<p>Eine der Fragen, die wir bisher sehr oft zu h\u00f6ren bekommen haben, war: habt Ihr Euch schon wieder eingew\u00f6hnt? Beantworten k\u00f6nnen wir das mit einem ganz eindeutigen Jein. Die Wohnung wird wohnlicher, fertig sind wir noch nicht. Inzwischen haben wir &hellip; <a href=\"http:\/\/www.ueber-die-meere.de\/wordpress\/?p=24068\">Weiterlesen <span class=\"meta-nav\">&rarr;<\/span><\/a><\/p>\n","protected":false},"author":2,"featured_media":0,"comment_status":"open","ping_status":"closed","sticky":false,"template":"","format":"standard","meta":{"ngg_post_thumbnail":0},"categories":[70,37,4],"tags":[],"_links":{"self":[{"href":"http:\/\/www.ueber-die-meere.de\/wordpress\/index.php?rest_route=\/wp\/v2\/posts\/24068"}],"collection":[{"href":"http:\/\/www.ueber-die-meere.de\/wordpress\/index.php?rest_route=\/wp\/v2\/posts"}],"about":[{"href":"http:\/\/www.ueber-die-meere.de\/wordpress\/index.php?rest_route=\/wp\/v2\/types\/post"}],"author":[{"embeddable":true,"href":"http:\/\/www.ueber-die-meere.de\/wordpress\/index.php?rest_route=\/wp\/v2\/users\/2"}],"replies":[{"embeddable":true,"href":"http:\/\/www.ueber-die-meere.de\/wordpress\/index.php?rest_route=%2Fwp%2Fv2%2Fcomments&post=24068"}],"version-history":[{"count":9,"href":"http:\/\/www.ueber-die-meere.de\/wordpress\/index.php?rest_route=\/wp\/v2\/posts\/24068\/revisions"}],"predecessor-version":[{"id":24081,"href":"http:\/\/www.ueber-die-meere.de\/wordpress\/index.php?rest_route=\/wp\/v2\/posts\/24068\/revisions\/24081"}],"wp:attachment":[{"href":"http:\/\/www.ueber-die-meere.de\/wordpress\/index.php?rest_route=%2Fwp%2Fv2%2Fmedia&parent=24068"}],"wp:term":[{"taxonomy":"category","embeddable":true,"href":"http:\/\/www.ueber-die-meere.de\/wordpress\/index.php?rest_route=%2Fwp%2Fv2%2Fcategories&post=24068"},{"taxonomy":"post_tag","embeddable":true,"href":"http:\/\/www.ueber-die-meere.de\/wordpress\/index.php?rest_route=%2Fwp%2Fv2%2Ftags&post=24068"}],"curies":[{"name":"wp","href":"https:\/\/api.w.org\/{rel}","templated":true}]}}