{"id":24037,"date":"2019-05-02T15:03:20","date_gmt":"2019-05-02T19:03:20","guid":{"rendered":"http:\/\/www.ueber-die-meere.de\/wordpress\/?p=24037"},"modified":"2019-05-02T15:04:10","modified_gmt":"2019-05-02T19:04:10","slug":"leben-auf-dem-yard","status":"publish","type":"post","link":"http:\/\/www.ueber-die-meere.de\/wordpress\/?p=24037","title":{"rendered":"Leben auf dem Yard"},"content":{"rendered":"\n<p>Die Zeit verfliegt! Eigentlich wollten wir schon \u00f6fter mal was schreiben, aber irgendwie kommt dann immer was dazwischen. Scheint, als ob wir uns das in Deutschland \u00fcber den Winter abgew\u00f6hnt haben&#8230; Wir sitzen aber nicht nur rum und gucken L\u00f6cher in die Luft, wir sind ganz gut besch\u00e4ftigt. Zuallererst haben wir eine Entscheidung getroffen &#8211; sehr schweren Herzens werden wir uns von Kassiopeia trennen. Nach einer wunderbaren Reise von \u00fcber 6 Jahren freuen wir uns tats\u00e4chlich mal wieder auf ein Leben mit einer festen Zentrale, nahe an Familie und Freunden. Wir haben schon eine Wohnung gefunden, die auf Einrichtung und ihre Bewohner wartet, ich hab eine feste Stelle mit B\u00fcro und Kollegen vor Ort und Michl wird im Homeoffice vermutlich auch weiterhin gut zu tun haben.<\/p>\n\n\n\n<p>Damit verbunden ist unsere haupts\u00e4chliche Besch\u00e4ftigung die letzten Wochen: Ausmisten, Ausr\u00e4umen, Packen &#8211; und immer wieder entscheiden, welches Teil in welche der drei Kategorien f\u00e4llt. Wir w\u00fcrden gerne mehr mitnehmen, aber die Preise f\u00fcr zus\u00e4tzliches Gep\u00e4ck sind hoch, somit ist das Auswahlkomitee sehr streng. Die ersten Rucks\u00e4cke und Taschen sind gepackt, f\u00fcr mich geht es am Sonntag mit einem ersten Teil zur\u00fcck. Michl bleibt noch ein wenig, aber es wird wohl keine Langeweile aufkommen. Kassiopeia wird etwas aufgeh\u00fcbscht und die Backskisten sind noch nicht aussortiert&#8230;<\/p>\n\n\n\n<div class=\"wp-block-image\"><figure class=\"alignleft\"><a href=\"http:\/\/www.ueber-die-meere.de\/wordpress\/wp-content\/uploads\/2019\/05\/probellerschafft.jpg\"><img loading=\"lazy\" width=\"150\" height=\"150\" src=\"http:\/\/www.ueber-die-meere.de\/wordpress\/wp-content\/uploads\/2019\/05\/probellerschafft-150x150.jpg\" alt=\"\" class=\"wp-image-24050\"\/><\/a><figcaption>alte und neue Welle im Vergleich<\/figcaption><\/figure><\/div>\n\n\n\n<div class=\"wp-block-image\"><figure class=\"alignright\"><a href=\"http:\/\/www.ueber-die-meere.de\/wordpress\/wp-content\/uploads\/2019\/05\/zutaten.jpg\"><img loading=\"lazy\" width=\"150\" height=\"150\" src=\"http:\/\/www.ueber-die-meere.de\/wordpress\/wp-content\/uploads\/2019\/05\/zutaten-150x150.jpg\" alt=\"\" class=\"wp-image-24047\"\/><\/a><figcaption>das muss jetzt nur noch ein- und zusammengebaut werden<\/figcaption><\/figure><\/div>\n\n\n\n<p>Ein weiterer etwas gr\u00f6\u00dferer Punkt stand auf der ToDo-Liste &#8211; wir wurden ja letztes Jahr vom Zustand der Welle eine wenig &#8222;\u00fcberrascht&#8220;, als wir eigentlich nur das Wellenlager wechseln wollten. Die neue Welle ist inzwischen da (etwas tricky bei der Bestellung: Kassiopeia ist schwedisch und somit ben\u00f6tigten wir eine metrische!) und kann eingebaut werden. Das geht nat\u00fcrlich nicht schnell mal nebenbei, sondern ist etwas aufwendiger, wie \u00fcblich verursachen ein paar fehlende Zentimeter ein deutliches St\u00fcck Aufwand&#8230;<\/p>\n\n\n\n<p>Freizeit gibt es nat\u00fcrlich auch: letzten Samstag war wieder <a href=\"https:\/\/de.wikipedia.org\/wiki\/H%C4%81ngi\">H\u0101ngi <\/a>angesagt, diesmal (<a href=\"http:\/\/www.ueber-die-meere.de\/wordpress\/?p=19355\">hier <\/a>der Bericht zu letztem Jahr) mit ein wenig mehr Gem\u00fcse aber immer noch deutlich zuviel Essen. Weltklasse war die Lammkeule! Das Wetter war perfekt, am Tag zuvor hat es gest\u00fcrmt und geregnet, Samstag p\u00fcnktlich zum Sonnenaufgang war der Himmel blau und er blieb das auch den Rest des Tages. <\/p>\n\n\n\n<ul class=\"wp-block-gallery columns-3 is-cropped\"><li class=\"blocks-gallery-item\"><figure><a href=\"http:\/\/www.ueber-die-meere.de\/wordpress\/wp-content\/uploads\/2019\/05\/gefuellt.jpg\"><img loading=\"lazy\" width=\"709\" height=\"531\" src=\"http:\/\/www.ueber-die-meere.de\/wordpress\/wp-content\/uploads\/2019\/05\/gefuellt.jpg\" alt=\"\" data-id=\"24048\" data-link=\"http:\/\/www.ueber-die-meere.de\/wordpress\/?attachment_id=24048\" class=\"wp-image-24048\" srcset=\"http:\/\/www.ueber-die-meere.de\/wordpress\/wp-content\/uploads\/2019\/05\/gefuellt.jpg 709w, http:\/\/www.ueber-die-meere.de\/wordpress\/wp-content\/uploads\/2019\/05\/gefuellt-300x225.jpg 300w, http:\/\/www.ueber-die-meere.de\/wordpress\/wp-content\/uploads\/2019\/05\/gefuellt-401x300.jpg 401w\" sizes=\"(max-width: 709px) 100vw, 709px\" \/><\/a><figcaption>die H\u00e4hnchen werden noch gef\u00fcllt<\/figcaption><\/figure><\/li><li class=\"blocks-gallery-item\"><figure><a href=\"http:\/\/www.ueber-die-meere.de\/wordpress\/wp-content\/uploads\/2019\/05\/gemuese.jpg\"><img loading=\"lazy\" width=\"709\" height=\"399\" src=\"http:\/\/www.ueber-die-meere.de\/wordpress\/wp-content\/uploads\/2019\/05\/gemuese.jpg\" alt=\"\" data-id=\"24044\" data-link=\"http:\/\/www.ueber-die-meere.de\/wordpress\/?attachment_id=24044\" class=\"wp-image-24044\" srcset=\"http:\/\/www.ueber-die-meere.de\/wordpress\/wp-content\/uploads\/2019\/05\/gemuese.jpg 709w, http:\/\/www.ueber-die-meere.de\/wordpress\/wp-content\/uploads\/2019\/05\/gemuese-300x169.jpg 300w, http:\/\/www.ueber-die-meere.de\/wordpress\/wp-content\/uploads\/2019\/05\/gemuese-500x281.jpg 500w\" sizes=\"(max-width: 709px) 100vw, 709px\" \/><\/a><figcaption>Gem\u00fcsekorb<\/figcaption><\/figure><\/li><li class=\"blocks-gallery-item\"><figure><a href=\"http:\/\/www.ueber-die-meere.de\/wordpress\/wp-content\/uploads\/2019\/05\/das_loch.jpg\"><img loading=\"lazy\" width=\"709\" height=\"531\" src=\"http:\/\/www.ueber-die-meere.de\/wordpress\/wp-content\/uploads\/2019\/05\/das_loch.jpg\" alt=\"\" data-id=\"24046\" data-link=\"http:\/\/www.ueber-die-meere.de\/wordpress\/?attachment_id=24046\" class=\"wp-image-24046\" srcset=\"http:\/\/www.ueber-die-meere.de\/wordpress\/wp-content\/uploads\/2019\/05\/das_loch.jpg 709w, http:\/\/www.ueber-die-meere.de\/wordpress\/wp-content\/uploads\/2019\/05\/das_loch-300x225.jpg 300w, http:\/\/www.ueber-die-meere.de\/wordpress\/wp-content\/uploads\/2019\/05\/das_loch-401x300.jpg 401w\" sizes=\"(max-width: 709px) 100vw, 709px\" \/><\/a><figcaption>die gl\u00fchenden Eisenbahnschienen<\/figcaption><\/figure><\/li><li class=\"blocks-gallery-item\"><figure><a href=\"http:\/\/www.ueber-die-meere.de\/wordpress\/wp-content\/uploads\/2019\/05\/aufgemacht.jpg\"><img loading=\"lazy\" width=\"709\" height=\"531\" src=\"http:\/\/www.ueber-die-meere.de\/wordpress\/wp-content\/uploads\/2019\/05\/aufgemacht.jpg\" alt=\"\" data-id=\"24042\" data-link=\"http:\/\/www.ueber-die-meere.de\/wordpress\/?attachment_id=24042\" class=\"wp-image-24042\" srcset=\"http:\/\/www.ueber-die-meere.de\/wordpress\/wp-content\/uploads\/2019\/05\/aufgemacht.jpg 709w, http:\/\/www.ueber-die-meere.de\/wordpress\/wp-content\/uploads\/2019\/05\/aufgemacht-300x225.jpg 300w, http:\/\/www.ueber-die-meere.de\/wordpress\/wp-content\/uploads\/2019\/05\/aufgemacht-401x300.jpg 401w\" sizes=\"(max-width: 709px) 100vw, 709px\" \/><\/a><figcaption>das Essen kommt wieder raus<\/figcaption><\/figure><\/li><li class=\"blocks-gallery-item\"><figure><a href=\"http:\/\/www.ueber-die-meere.de\/wordpress\/wp-content\/uploads\/2019\/05\/fleisch.jpg\"><img loading=\"lazy\" width=\"709\" height=\"531\" src=\"http:\/\/www.ueber-die-meere.de\/wordpress\/wp-content\/uploads\/2019\/05\/fleisch.jpg\" alt=\"\" data-id=\"24049\" data-link=\"http:\/\/www.ueber-die-meere.de\/wordpress\/?attachment_id=24049\" class=\"wp-image-24049\" srcset=\"http:\/\/www.ueber-die-meere.de\/wordpress\/wp-content\/uploads\/2019\/05\/fleisch.jpg 709w, http:\/\/www.ueber-die-meere.de\/wordpress\/wp-content\/uploads\/2019\/05\/fleisch-300x225.jpg 300w, http:\/\/www.ueber-die-meere.de\/wordpress\/wp-content\/uploads\/2019\/05\/fleisch-401x300.jpg 401w\" sizes=\"(max-width: 709px) 100vw, 709px\" \/><\/a><figcaption>einer der Fleischk\u00f6rbe<\/figcaption><\/figure><\/li><\/ul>\n","protected":false},"excerpt":{"rendered":"<p>Die Zeit verfliegt! Eigentlich wollten wir schon \u00f6fter mal was schreiben, aber irgendwie kommt dann immer was dazwischen. Scheint, als ob wir uns das in Deutschland \u00fcber den Winter abgew\u00f6hnt haben&#8230; Wir sitzen aber nicht nur rum und gucken L\u00f6cher &hellip; <a href=\"http:\/\/www.ueber-die-meere.de\/wordpress\/?p=24037\">Weiterlesen <span class=\"meta-nav\">&rarr;<\/span><\/a><\/p>\n","protected":false},"author":2,"featured_media":0,"comment_status":"open","ping_status":"closed","sticky":false,"template":"","format":"standard","meta":{"ngg_post_thumbnail":0},"categories":[45,4,53],"tags":[],"_links":{"self":[{"href":"http:\/\/www.ueber-die-meere.de\/wordpress\/index.php?rest_route=\/wp\/v2\/posts\/24037"}],"collection":[{"href":"http:\/\/www.ueber-die-meere.de\/wordpress\/index.php?rest_route=\/wp\/v2\/posts"}],"about":[{"href":"http:\/\/www.ueber-die-meere.de\/wordpress\/index.php?rest_route=\/wp\/v2\/types\/post"}],"author":[{"embeddable":true,"href":"http:\/\/www.ueber-die-meere.de\/wordpress\/index.php?rest_route=\/wp\/v2\/users\/2"}],"replies":[{"embeddable":true,"href":"http:\/\/www.ueber-die-meere.de\/wordpress\/index.php?rest_route=%2Fwp%2Fv2%2Fcomments&post=24037"}],"version-history":[{"count":8,"href":"http:\/\/www.ueber-die-meere.de\/wordpress\/index.php?rest_route=\/wp\/v2\/posts\/24037\/revisions"}],"predecessor-version":[{"id":24054,"href":"http:\/\/www.ueber-die-meere.de\/wordpress\/index.php?rest_route=\/wp\/v2\/posts\/24037\/revisions\/24054"}],"wp:attachment":[{"href":"http:\/\/www.ueber-die-meere.de\/wordpress\/index.php?rest_route=%2Fwp%2Fv2%2Fmedia&parent=24037"}],"wp:term":[{"taxonomy":"category","embeddable":true,"href":"http:\/\/www.ueber-die-meere.de\/wordpress\/index.php?rest_route=%2Fwp%2Fv2%2Fcategories&post=24037"},{"taxonomy":"post_tag","embeddable":true,"href":"http:\/\/www.ueber-die-meere.de\/wordpress\/index.php?rest_route=%2Fwp%2Fv2%2Ftags&post=24037"}],"curies":[{"name":"wp","href":"https:\/\/api.w.org\/{rel}","templated":true}]}}