{"id":20408,"date":"2018-07-01T20:58:26","date_gmt":"2018-07-02T02:58:26","guid":{"rendered":"http:\/\/www.ueber-die-meere.de\/wordpress\/?p=20408"},"modified":"2018-07-08T22:49:08","modified_gmt":"2018-07-09T04:49:08","slug":"kanada-hat-geburtstag","status":"publish","type":"post","link":"http:\/\/www.ueber-die-meere.de\/wordpress\/?p=20408","title":{"rendered":"Kanada hat Geburtstag"},"content":{"rendered":"<p>Und das ist ein Grund zum Feiern! Am 1. Juli vor 151 Jahren wurde Kanada unabh\u00e4ngig und das wird selbstverst\u00e4ndlich gefeiert. Die meisten sind rot\/wei\u00df gekleidet, sehr viele haben irgendwo ein Ahornblatt &#8211; auf der Backe, dem T-Shirt,&nbsp; Picknickstuhl oder einer irgendwo befestigten Flagge. Wir haben vom Campingplatz aus einen kleinen Spaziergang gemacht, im <a href=\"https:\/\/www.bowerponds.ca\/\" target=\"_blank\" rel=\"noopener\">Bower Ponds Park<\/a> war ein wenig Programm angek\u00fcndigt. Der Spaziergang am Flu\u00df entlang war sch\u00f6n, im Park war dann ordentlich Programm geboten. Auf der B\u00fchne haben sich die K\u00fcnstler abgewechselt, es gab Essensst\u00e4nde und noch verschiedene Aktivit\u00e4ten auf dem Wasser. Alles war sehr international, das passt auch ins Bild, das wir bisher von den Kanadiern haben: die meisten sind sehr stolz auf ein gutes Miteinander unterschiedlicher Nationen und Kulturen im Land. Uns gef\u00e4llt das!<\/p>\n<!-- index.php -->\n<div\n\tclass=\"ngg-galleryoverview ngg-ajax-pagination-none\"\n\tid=\"ngg-gallery-c6604ad63198387cdae0baf01b813f65-1\">\n\n    \t<div class=\"slideshowlink\">\n        <a href='http:\/\/www.ueber-die-meere.de\/wordpress\/index.php\/nggallery\/slideshow?p=20408'>&#091;Show as slideshow&#093;<\/a>\n\t\t\n\t<\/div>\n\t\t\t<!-- Thumbnails -->\n\t\t\t\t<div id=\"ngg-image-0\" class=\"ngg-gallery-thumbnail-box\" >\n\t\t\t\t        <div class=\"ngg-gallery-thumbnail\">\n            <a href=\"http:\/\/www.ueber-die-meere.de\/wordpress\/wp-content\/gallery\/canada_day\/01_ehemalige_eisenbahnbruecke.jpg\"\n               title=\"es ging vorbei an einer ehemaligen Eisenbahnbr\u00fccke\"\n               data-src=\"http:\/\/www.ueber-die-meere.de\/wordpress\/wp-content\/gallery\/canada_day\/01_ehemalige_eisenbahnbruecke.jpg\"\n               data-thumbnail=\"http:\/\/www.ueber-die-meere.de\/wordpress\/wp-content\/gallery\/canada_day\/thumbs\/thumbs_01_ehemalige_eisenbahnbruecke.jpg\"\n               data-image-id=\"5609\"\n               data-title=\"01_ehemalige_eisenbahnbruecke\"\n               data-description=\"es ging vorbei an einer ehemaligen Eisenbahnbr\u00fccke\"\n               data-image-slug=\"01_ehemalige_eisenbahnbruecke\"\n               class=\"shutterset_c6604ad63198387cdae0baf01b813f65\">\n                <img\n                    title=\"01_ehemalige_eisenbahnbruecke\"\n                    alt=\"01_ehemalige_eisenbahnbruecke\"\n                    src=\"http:\/\/www.ueber-die-meere.de\/wordpress\/wp-content\/gallery\/canada_day\/thumbs\/thumbs_01_ehemalige_eisenbahnbruecke.jpg\"\n                    width=\"100\"\n                    height=\"75\"\n                    style=\"max-width:100%;\"\n                \/>\n            <\/a>\n        <\/div>\n\t\t\t\t\t\t\t<\/div> \n\t\t\t\n        \n\t\t\t\t<div id=\"ngg-image-1\" class=\"ngg-gallery-thumbnail-box\" >\n\t\t\t\t        <div class=\"ngg-gallery-thumbnail\">\n            <a href=\"http:\/\/www.ueber-die-meere.de\/wordpress\/wp-content\/gallery\/canada_day\/02_reed_deer-canada_day.jpg\"\n               title=\"unverkennbar - wir sind in  Red Deer\"\n               data-src=\"http:\/\/www.ueber-die-meere.de\/wordpress\/wp-content\/gallery\/canada_day\/02_reed_deer-canada_day.jpg\"\n               data-thumbnail=\"http:\/\/www.ueber-die-meere.de\/wordpress\/wp-content\/gallery\/canada_day\/thumbs\/thumbs_02_reed_deer-canada_day.jpg\"\n               data-image-id=\"5608\"\n               data-title=\"02_reed_deer-canada_day\"\n               data-description=\"unverkennbar - wir sind in  Red Deer\"\n               data-image-slug=\"02_reed_deer-canada_day\"\n               class=\"shutterset_c6604ad63198387cdae0baf01b813f65\">\n                <img\n                    title=\"02_reed_deer-canada_day\"\n                    alt=\"02_reed_deer-canada_day\"\n                    src=\"http:\/\/www.ueber-die-meere.de\/wordpress\/wp-content\/gallery\/canada_day\/thumbs\/thumbs_02_reed_deer-canada_day.jpg\"\n                    width=\"100\"\n                    height=\"75\"\n                    style=\"max-width:100%;\"\n                \/>\n            <\/a>\n        <\/div>\n\t\t\t\t\t\t\t<\/div> \n\t\t\t\n        \n\t\t\t\t<div id=\"ngg-image-2\" class=\"ngg-gallery-thumbnail-box\" >\n\t\t\t\t        <div class=\"ngg-gallery-thumbnail\">\n            <a href=\"http:\/\/www.ueber-die-meere.de\/wordpress\/wp-content\/gallery\/canada_day\/03_viel_rotweiss.jpg\"\n               title=\"viel rot-wei\u00df\"\n               data-src=\"http:\/\/www.ueber-die-meere.de\/wordpress\/wp-content\/gallery\/canada_day\/03_viel_rotweiss.jpg\"\n               data-thumbnail=\"http:\/\/www.ueber-die-meere.de\/wordpress\/wp-content\/gallery\/canada_day\/thumbs\/thumbs_03_viel_rotweiss.jpg\"\n               data-image-id=\"5607\"\n               data-title=\"03_viel_rotweiss\"\n               data-description=\"viel rot-wei\u00df\"\n               data-image-slug=\"03_viel_rotweiss\"\n               class=\"shutterset_c6604ad63198387cdae0baf01b813f65\">\n                <img\n                    title=\"03_viel_rotweiss\"\n                    alt=\"03_viel_rotweiss\"\n                    src=\"http:\/\/www.ueber-die-meere.de\/wordpress\/wp-content\/gallery\/canada_day\/thumbs\/thumbs_03_viel_rotweiss.jpg\"\n                    width=\"100\"\n                    height=\"75\"\n                    style=\"max-width:100%;\"\n                \/>\n            <\/a>\n        <\/div>\n\t\t\t\t\t\t\t<\/div> \n\t\t\t\n        \n\t\t\t\t<div id=\"ngg-image-3\" class=\"ngg-gallery-thumbnail-box\" >\n\t\t\t\t        <div class=\"ngg-gallery-thumbnail\">\n            <a href=\"http:\/\/www.ueber-die-meere.de\/wordpress\/wp-content\/gallery\/canada_day\/04_rotweiss.jpg\"\n               title=\"und noch mehr davon\"\n               data-src=\"http:\/\/www.ueber-die-meere.de\/wordpress\/wp-content\/gallery\/canada_day\/04_rotweiss.jpg\"\n               data-thumbnail=\"http:\/\/www.ueber-die-meere.de\/wordpress\/wp-content\/gallery\/canada_day\/thumbs\/thumbs_04_rotweiss.jpg\"\n               data-image-id=\"5606\"\n               data-title=\"04_rotweiss\"\n               data-description=\"und noch mehr davon\"\n               data-image-slug=\"04_rotweiss\"\n               class=\"shutterset_c6604ad63198387cdae0baf01b813f65\">\n                <img\n                    title=\"04_rotweiss\"\n                    alt=\"04_rotweiss\"\n                    src=\"http:\/\/www.ueber-die-meere.de\/wordpress\/wp-content\/gallery\/canada_day\/thumbs\/thumbs_04_rotweiss.jpg\"\n                    width=\"100\"\n                    height=\"75\"\n                    style=\"max-width:100%;\"\n                \/>\n            <\/a>\n        <\/div>\n\t\t\t\t\t\t\t<\/div> \n\t\t\t\n        \n\t\t\t\t<div id=\"ngg-image-4\" class=\"ngg-gallery-thumbnail-box\" >\n\t\t\t\t        <div class=\"ngg-gallery-thumbnail\">\n            <a href=\"http:\/\/www.ueber-die-meere.de\/wordpress\/wp-content\/gallery\/canada_day\/05_alle_variationen.jpg\"\n               title=\"verschiedene Variationen der Flagge sind zu sehen\"\n               data-src=\"http:\/\/www.ueber-die-meere.de\/wordpress\/wp-content\/gallery\/canada_day\/05_alle_variationen.jpg\"\n               data-thumbnail=\"http:\/\/www.ueber-die-meere.de\/wordpress\/wp-content\/gallery\/canada_day\/thumbs\/thumbs_05_alle_variationen.jpg\"\n               data-image-id=\"5605\"\n               data-title=\"05_alle_variationen\"\n               data-description=\"verschiedene Variationen der Flagge sind zu sehen\"\n               data-image-slug=\"05_alle_variationen\"\n               class=\"shutterset_c6604ad63198387cdae0baf01b813f65\">\n                <img\n                    title=\"05_alle_variationen\"\n                    alt=\"05_alle_variationen\"\n                    src=\"http:\/\/www.ueber-die-meere.de\/wordpress\/wp-content\/gallery\/canada_day\/thumbs\/thumbs_05_alle_variationen.jpg\"\n                    width=\"100\"\n                    height=\"75\"\n                    style=\"max-width:100%;\"\n                \/>\n            <\/a>\n        <\/div>\n\t\t\t\t\t\t\t<\/div> \n\t\t\t\n        \n\t\t\t\t<div id=\"ngg-image-5\" class=\"ngg-gallery-thumbnail-box\" >\n\t\t\t\t        <div class=\"ngg-gallery-thumbnail\">\n            <a href=\"http:\/\/www.ueber-die-meere.de\/wordpress\/wp-content\/gallery\/canada_day\/06_im_haar.jpg\"\n               title=\"auch im Haar\"\n               data-src=\"http:\/\/www.ueber-die-meere.de\/wordpress\/wp-content\/gallery\/canada_day\/06_im_haar.jpg\"\n               data-thumbnail=\"http:\/\/www.ueber-die-meere.de\/wordpress\/wp-content\/gallery\/canada_day\/thumbs\/thumbs_06_im_haar.jpg\"\n               data-image-id=\"5604\"\n               data-title=\"06_im_haar\"\n               data-description=\"auch im Haar\"\n               data-image-slug=\"06_im_haar\"\n               class=\"shutterset_c6604ad63198387cdae0baf01b813f65\">\n                <img\n                    title=\"06_im_haar\"\n                    alt=\"06_im_haar\"\n                    src=\"http:\/\/www.ueber-die-meere.de\/wordpress\/wp-content\/gallery\/canada_day\/thumbs\/thumbs_06_im_haar.jpg\"\n                    width=\"100\"\n                    height=\"75\"\n                    style=\"max-width:100%;\"\n                \/>\n            <\/a>\n        <\/div>\n\t\t\t\t\t\t\t<\/div> \n\t\t\t\n        \n\t\t\t\t<div id=\"ngg-image-6\" class=\"ngg-gallery-thumbnail-box\" >\n\t\t\t\t        <div class=\"ngg-gallery-thumbnail\">\n            <a href=\"http:\/\/www.ueber-die-meere.de\/wordpress\/wp-content\/gallery\/canada_day\/07_buehne.jpg\"\n               title=\"Modenschau auf der B\u00fchne\"\n               data-src=\"http:\/\/www.ueber-die-meere.de\/wordpress\/wp-content\/gallery\/canada_day\/07_buehne.jpg\"\n               data-thumbnail=\"http:\/\/www.ueber-die-meere.de\/wordpress\/wp-content\/gallery\/canada_day\/thumbs\/thumbs_07_buehne.jpg\"\n               data-image-id=\"5603\"\n               data-title=\"07_buehne\"\n               data-description=\"Modenschau auf der B\u00fchne\"\n               data-image-slug=\"07_buehne\"\n               class=\"shutterset_c6604ad63198387cdae0baf01b813f65\">\n                <img\n                    title=\"07_buehne\"\n                    alt=\"07_buehne\"\n                    src=\"http:\/\/www.ueber-die-meere.de\/wordpress\/wp-content\/gallery\/canada_day\/thumbs\/thumbs_07_buehne.jpg\"\n                    width=\"100\"\n                    height=\"75\"\n                    style=\"max-width:100%;\"\n                \/>\n            <\/a>\n        <\/div>\n\t\t\t\t\t\t\t<\/div> \n\t\t\t\n        \n\t\t\t\t<div id=\"ngg-image-7\" class=\"ngg-gallery-thumbnail-box\" >\n\t\t\t\t        <div class=\"ngg-gallery-thumbnail\">\n            <a href=\"http:\/\/www.ueber-die-meere.de\/wordpress\/wp-content\/gallery\/canada_day\/08_essenstaende.jpg\"\n               title=\"Essensst\u00e4nde\"\n               data-src=\"http:\/\/www.ueber-die-meere.de\/wordpress\/wp-content\/gallery\/canada_day\/08_essenstaende.jpg\"\n               data-thumbnail=\"http:\/\/www.ueber-die-meere.de\/wordpress\/wp-content\/gallery\/canada_day\/thumbs\/thumbs_08_essenstaende.jpg\"\n               data-image-id=\"5602\"\n               data-title=\"08_essenstaende\"\n               data-description=\"Essensst\u00e4nde\"\n               data-image-slug=\"08_essenstaende\"\n               class=\"shutterset_c6604ad63198387cdae0baf01b813f65\">\n                <img\n                    title=\"08_essenstaende\"\n                    alt=\"08_essenstaende\"\n                    src=\"http:\/\/www.ueber-die-meere.de\/wordpress\/wp-content\/gallery\/canada_day\/thumbs\/thumbs_08_essenstaende.jpg\"\n                    width=\"100\"\n                    height=\"75\"\n                    style=\"max-width:100%;\"\n                \/>\n            <\/a>\n        <\/div>\n\t\t\t\t\t\t\t<\/div> \n\t\t\t\n        \n\t\t\t\t<div id=\"ngg-image-8\" class=\"ngg-gallery-thumbnail-box\" >\n\t\t\t\t        <div class=\"ngg-gallery-thumbnail\">\n            <a href=\"http:\/\/www.ueber-die-meere.de\/wordpress\/wp-content\/gallery\/canada_day\/09_im_mondschein.jpg\"\n               title=\"der Mond stand schon hoch\"\n               data-src=\"http:\/\/www.ueber-die-meere.de\/wordpress\/wp-content\/gallery\/canada_day\/09_im_mondschein.jpg\"\n               data-thumbnail=\"http:\/\/www.ueber-die-meere.de\/wordpress\/wp-content\/gallery\/canada_day\/thumbs\/thumbs_09_im_mondschein.jpg\"\n               data-image-id=\"5601\"\n               data-title=\"09_im_mondschein\"\n               data-description=\"der Mond stand schon hoch\"\n               data-image-slug=\"09_im_mondschein\"\n               class=\"shutterset_c6604ad63198387cdae0baf01b813f65\">\n                <img\n                    title=\"09_im_mondschein\"\n                    alt=\"09_im_mondschein\"\n                    src=\"http:\/\/www.ueber-die-meere.de\/wordpress\/wp-content\/gallery\/canada_day\/thumbs\/thumbs_09_im_mondschein.jpg\"\n                    width=\"100\"\n                    height=\"75\"\n                    style=\"max-width:100%;\"\n                \/>\n            <\/a>\n        <\/div>\n\t\t\t\t\t\t\t<\/div> \n\t\t\t\n        \n\t\t\n\t\t<div class=\"ngg-clear\"><\/div>\n\t<\/div>\n\n","protected":false},"excerpt":{"rendered":"<p>Und das ist ein Grund zum Feiern! Am 1. Juli vor 151 Jahren wurde Kanada unabh\u00e4ngig und das wird selbstverst\u00e4ndlich gefeiert. Die meisten sind rot\/wei\u00df gekleidet, sehr viele haben irgendwo ein Ahornblatt &#8211; auf der Backe, dem T-Shirt,&nbsp; Picknickstuhl oder &hellip; <a href=\"http:\/\/www.ueber-die-meere.de\/wordpress\/?p=20408\">Weiterlesen <span class=\"meta-nav\">&rarr;<\/span><\/a><\/p>\n","protected":false},"author":2,"featured_media":0,"comment_status":"open","ping_status":"closed","sticky":false,"template":"","format":"standard","meta":{"ngg_post_thumbnail":0},"categories":[28,54,79,45,4],"tags":[],"_links":{"self":[{"href":"http:\/\/www.ueber-die-meere.de\/wordpress\/index.php?rest_route=\/wp\/v2\/posts\/20408"}],"collection":[{"href":"http:\/\/www.ueber-die-meere.de\/wordpress\/index.php?rest_route=\/wp\/v2\/posts"}],"about":[{"href":"http:\/\/www.ueber-die-meere.de\/wordpress\/index.php?rest_route=\/wp\/v2\/types\/post"}],"author":[{"embeddable":true,"href":"http:\/\/www.ueber-die-meere.de\/wordpress\/index.php?rest_route=\/wp\/v2\/users\/2"}],"replies":[{"embeddable":true,"href":"http:\/\/www.ueber-die-meere.de\/wordpress\/index.php?rest_route=%2Fwp%2Fv2%2Fcomments&post=20408"}],"version-history":[{"count":4,"href":"http:\/\/www.ueber-die-meere.de\/wordpress\/index.php?rest_route=\/wp\/v2\/posts\/20408\/revisions"}],"predecessor-version":[{"id":20525,"href":"http:\/\/www.ueber-die-meere.de\/wordpress\/index.php?rest_route=\/wp\/v2\/posts\/20408\/revisions\/20525"}],"wp:attachment":[{"href":"http:\/\/www.ueber-die-meere.de\/wordpress\/index.php?rest_route=%2Fwp%2Fv2%2Fmedia&parent=20408"}],"wp:term":[{"taxonomy":"category","embeddable":true,"href":"http:\/\/www.ueber-die-meere.de\/wordpress\/index.php?rest_route=%2Fwp%2Fv2%2Fcategories&post=20408"},{"taxonomy":"post_tag","embeddable":true,"href":"http:\/\/www.ueber-die-meere.de\/wordpress\/index.php?rest_route=%2Fwp%2Fv2%2Ftags&post=20408"}],"curies":[{"name":"wp","href":"https:\/\/api.w.org\/{rel}","templated":true}]}}