{"id":17400,"date":"2017-05-03T21:58:14","date_gmt":"2017-05-04T02:58:14","guid":{"rendered":"http:\/\/www.ueber-die-meere.de\/wordpress\/?p=17400"},"modified":"2017-05-03T21:58:14","modified_gmt":"2017-05-04T02:58:14","slug":"zurueck-in-quito","status":"publish","type":"post","link":"http:\/\/www.ueber-die-meere.de\/wordpress\/?p=17400","title":{"rendered":"zur\u00fcck in Quito"},"content":{"rendered":"<p>So schnell k\u00f6nnen knapp drei Monate vergehen. Ehe wir es uns versehen, sind wir zur\u00fcck in Quito, in derselben Unterkunft wie im Februar, als wir in Ecuador angekommen sind. Es wirkt alles irgendwie vertraut, auch wenn wir nur kurz da waren &#8211; vielleicht, weil uns inzwischen Ecuador vertrauter ist. Der endg\u00fcltige Abschied in der Schule war sehr herzlich, leicht fiel es nicht. Die Fahrt dann hierher gestern war schnell und sehr kurzweilig, unter anderem, weil wir wieder denselben Fahrer hatten wie vor drei Monaten. Er hat sich auch direkt gefreut, uns wieder zu sehen und wie schon bei der Herfahrt intensiv mit der Beifahrerin (war diesmal jedoch eine andere) diskutiert. Wir kamen nat\u00fcrlich auch zu Wort, er hat sich u.a. k\u00f6stlich am\u00fcsiert, dass sich unser Gep\u00e4ck doch etwas vermehrt hat in der Zeit&#8230;&nbsp;<\/p>\n<p>Ein wohl vorerst letztes Mal konnten wir die grandiose Landschaft in der <a href=\"https:\/\/de.wikipedia.org\/wiki\/Ecuador#Sierra\" target=\"_blank\" rel=\"noopener noreferrer\">Sierra <\/a>bewundern, unheimlich abwechslungsreich und mit tollen Ausblicken auf herrliche T\u00e4ler und Weiten. Die Gegend hat es uns wirklich sehr angetan!<\/p>\n<div id=\"attachment_17405\" style=\"width: 160px\" class=\"wp-caption alignleft\"><a href=\"http:\/\/www.ueber-die-meere.de\/wordpress\/wp-content\/uploads\/2017\/05\/chocoholic.jpg\"><img aria-describedby=\"caption-attachment-17405\" loading=\"lazy\" class=\"wp-image-17405 size-thumbnail\" src=\"http:\/\/www.ueber-die-meere.de\/wordpress\/wp-content\/uploads\/2017\/05\/chocoholic-150x150.jpg\" alt=\"\" width=\"150\" height=\"150\"><\/a><p id=\"caption-attachment-17405\" class=\"wp-caption-text\">im &#8222;Chocoholic&#8220;<\/p><\/div>\n<div id=\"attachment_17404\" style=\"width: 160px\" class=\"wp-caption alignright\"><a href=\"http:\/\/www.ueber-die-meere.de\/wordpress\/wp-content\/uploads\/2017\/05\/der_hit.jpg\"><img aria-describedby=\"caption-attachment-17404\" loading=\"lazy\" class=\"size-thumbnail wp-image-17404\" src=\"http:\/\/www.ueber-die-meere.de\/wordpress\/wp-content\/uploads\/2017\/05\/der_hit-150x150.jpg\" alt=\"\" width=\"150\" height=\"150\"><\/a><p id=\"caption-attachment-17404\" class=\"wp-caption-text\">unser absoluter Favorit<\/p><\/div>\n<p>Heute haben wir dann die allerletzten Souvenirs gekauft. Schon im Februar hatten wir uns in ein paar Figuren verliebt, die wir uns heute endlich besorgt haben und nat\u00fcrlich blieb es nicht dabei. Es gibt einfach zuviel Sch\u00f6nes hier. Nun m\u00fcssen wir aber tats\u00e4chlich bremsen, alle Taschen sind voll! Selbstverst\u00e4ndlich haben wir uns auch nochmal beste hei\u00dfe Schokolade geg\u00f6nnt (die m\u00fcssen wir ja nicht einpacken ;-)), diesmal in zwei verschiedenen Varianten.<\/p>\n","protected":false},"excerpt":{"rendered":"<p>So schnell k\u00f6nnen knapp drei Monate vergehen. Ehe wir es uns versehen, sind wir zur\u00fcck in Quito, in derselben Unterkunft wie im Februar, als wir in Ecuador angekommen sind. Es wirkt alles irgendwie vertraut, auch wenn wir nur kurz da &hellip; <a href=\"http:\/\/www.ueber-die-meere.de\/wordpress\/?p=17400\">Weiterlesen <span class=\"meta-nav\">&rarr;<\/span><\/a><\/p>\n","protected":false},"author":2,"featured_media":0,"comment_status":"open","ping_status":"closed","sticky":false,"template":"","format":"standard","meta":{"ngg_post_thumbnail":0},"categories":[48,40,4],"tags":[],"_links":{"self":[{"href":"http:\/\/www.ueber-die-meere.de\/wordpress\/index.php?rest_route=\/wp\/v2\/posts\/17400"}],"collection":[{"href":"http:\/\/www.ueber-die-meere.de\/wordpress\/index.php?rest_route=\/wp\/v2\/posts"}],"about":[{"href":"http:\/\/www.ueber-die-meere.de\/wordpress\/index.php?rest_route=\/wp\/v2\/types\/post"}],"author":[{"embeddable":true,"href":"http:\/\/www.ueber-die-meere.de\/wordpress\/index.php?rest_route=\/wp\/v2\/users\/2"}],"replies":[{"embeddable":true,"href":"http:\/\/www.ueber-die-meere.de\/wordpress\/index.php?rest_route=%2Fwp%2Fv2%2Fcomments&post=17400"}],"version-history":[{"count":4,"href":"http:\/\/www.ueber-die-meere.de\/wordpress\/index.php?rest_route=\/wp\/v2\/posts\/17400\/revisions"}],"predecessor-version":[{"id":17406,"href":"http:\/\/www.ueber-die-meere.de\/wordpress\/index.php?rest_route=\/wp\/v2\/posts\/17400\/revisions\/17406"}],"wp:attachment":[{"href":"http:\/\/www.ueber-die-meere.de\/wordpress\/index.php?rest_route=%2Fwp%2Fv2%2Fmedia&parent=17400"}],"wp:term":[{"taxonomy":"category","embeddable":true,"href":"http:\/\/www.ueber-die-meere.de\/wordpress\/index.php?rest_route=%2Fwp%2Fv2%2Fcategories&post=17400"},{"taxonomy":"post_tag","embeddable":true,"href":"http:\/\/www.ueber-die-meere.de\/wordpress\/index.php?rest_route=%2Fwp%2Fv2%2Ftags&post=17400"}],"curies":[{"name":"wp","href":"https:\/\/api.w.org\/{rel}","templated":true}]}}