{"id":17354,"date":"2017-05-01T19:19:45","date_gmt":"2017-05-02T00:19:45","guid":{"rendered":"http:\/\/www.ueber-die-meere.de\/wordpress\/?p=17354"},"modified":"2017-05-01T19:25:44","modified_gmt":"2017-05-02T00:25:44","slug":"endspurt-3","status":"publish","type":"post","link":"http:\/\/www.ueber-die-meere.de\/wordpress\/?p=17354","title":{"rendered":"Endspurt"},"content":{"rendered":"<p>Unsere Zeit in Yaruqu\u00edes geht langsam aber sicher zu Ende. Unser Taxi nach Quito f\u00fcr morgen ist l\u00e4ngst bestellt und wir haben angefangen, unsere Rucks\u00e4cke zu packen. Eine extra Tasche f\u00fcr Souvenirs haben wir auch schon vor einer Weile gefunden, ohne w\u00fcrden wir wohl f\u00fcr die Rucks\u00e4cke das Gewichtslimit im Flieger \u00fcberschreiten und ein zus\u00e4tzliches Gep\u00e4ckst\u00fcck kostet nur $35&#8230;<\/p>\n<p>Unsere letzten Stunden Englisch-Unterricht und in der K\u00fcche hatten wir bereits, von neuen und sehr lieb gewonnenen Freunden haben wir uns auch schon verabschiedet. Letzten Donnerstag wurden wir von der Schule offiziell verabschiedet, nat\u00fcrlich haben auch wir uns verabschiedet (mit selbstgebackenem Brot mit Kr\u00e4uterquark &#8211; yummie!) und morgen sind wir dann tats\u00e4chlich das letzte Mal beim Mittagessen dabei, bevor wir abgeholt werden.<\/p>\n<p>Ein wenig was haben wir in die letzten Tage noch &#8222;erledigt&#8220; &#8211; Michl hat mit den Sch\u00fclern einen original &#8222;Strudel de Manzana&#8220; (Apfelstrudel) nach Rezept meiner Mutter gebacken, der allgemein extrem gut ankam (das Rezept war sehr gefragt). Ein paar Tage zuvor hat Richard (der Ausbilder in der K\u00fcche) im Unterricht noch <a href=\"https:\/\/de.wikipedia.org\/wiki\/Cuy\" target=\"_blank\" rel=\"noopener noreferrer\">Cuy <\/a>zubereitet, das wir probieren durften &#8211; sehr fein. Und das selbstgebackene Brot war uns irgendwie auch noch ein Anliegen gewesen.<\/p>\n<p>Einerseits freuen wir uns jetzt doch auch wieder sehr auf Kassiopeia &#8211; aber unter anderem das fr\u00f6hliche Lachen hier in der Schule werden wir doch sehr vermissen!<\/p>\n<!-- index.php -->\n<div\n\tclass=\"ngg-galleryoverview ngg-ajax-pagination-none\"\n\tid=\"ngg-gallery-253f66d37b3d09a97a6231bccb868d88-1\">\n\n    \t<div class=\"slideshowlink\">\n        <a href='http:\/\/www.ueber-die-meere.de\/wordpress\/index.php\/nggallery\/slideshow?p=17354'>&#091;Show as slideshow&#093;<\/a>\n\t\t\n\t<\/div>\n\t\t\t<!-- Thumbnails -->\n\t\t\t\t<div id=\"ngg-image-0\" class=\"ngg-gallery-thumbnail-box\" >\n\t\t\t\t        <div class=\"ngg-gallery-thumbnail\">\n            <a href=\"http:\/\/www.ueber-die-meere.de\/wordpress\/wp-content\/gallery\/endspurt_ecuador\/01_gruppe1.jpg\"\n               title=\"Gruppenbild mit Erick, dem Englischlehrer, und der zweiten Klasse\"\n               data-src=\"http:\/\/www.ueber-die-meere.de\/wordpress\/wp-content\/gallery\/endspurt_ecuador\/01_gruppe1.jpg\"\n               data-thumbnail=\"http:\/\/www.ueber-die-meere.de\/wordpress\/wp-content\/gallery\/endspurt_ecuador\/thumbs\/thumbs_01_gruppe1.jpg\"\n               data-image-id=\"4564\"\n               data-title=\"01_gruppe1\"\n               data-description=\"Gruppenbild mit Erick, dem Englischlehrer, und der zweiten Klasse\"\n               data-image-slug=\"01_gruppe1\"\n               class=\"shutterset_253f66d37b3d09a97a6231bccb868d88\">\n                <img\n                    title=\"01_gruppe1\"\n                    alt=\"01_gruppe1\"\n                    src=\"http:\/\/www.ueber-die-meere.de\/wordpress\/wp-content\/gallery\/endspurt_ecuador\/thumbs\/thumbs_01_gruppe1.jpg\"\n                    width=\"100\"\n                    height=\"75\"\n                    style=\"max-width:100%;\"\n                \/>\n            <\/a>\n        <\/div>\n\t\t\t\t\t\t\t<\/div> \n\t\t\t\n        \n\t\t\t\t<div id=\"ngg-image-1\" class=\"ngg-gallery-thumbnail-box\" >\n\t\t\t\t        <div class=\"ngg-gallery-thumbnail\">\n            <a href=\"http:\/\/www.ueber-die-meere.de\/wordpress\/wp-content\/gallery\/endspurt_ecuador\/02_gruppe2.jpg\"\n               title=\"hier die siebte Klasse, nochmal mit Erick\"\n               data-src=\"http:\/\/www.ueber-die-meere.de\/wordpress\/wp-content\/gallery\/endspurt_ecuador\/02_gruppe2.jpg\"\n               data-thumbnail=\"http:\/\/www.ueber-die-meere.de\/wordpress\/wp-content\/gallery\/endspurt_ecuador\/thumbs\/thumbs_02_gruppe2.jpg\"\n               data-image-id=\"4573\"\n               data-title=\"02_gruppe2\"\n               data-description=\"hier die siebte Klasse, nochmal mit Erick\"\n               data-image-slug=\"02_gruppe2\"\n               class=\"shutterset_253f66d37b3d09a97a6231bccb868d88\">\n                <img\n                    title=\"02_gruppe2\"\n                    alt=\"02_gruppe2\"\n                    src=\"http:\/\/www.ueber-die-meere.de\/wordpress\/wp-content\/gallery\/endspurt_ecuador\/thumbs\/thumbs_02_gruppe2.jpg\"\n                    width=\"100\"\n                    height=\"75\"\n                    style=\"max-width:100%;\"\n                \/>\n            <\/a>\n        <\/div>\n\t\t\t\t\t\t\t<\/div> \n\t\t\t\n        \n\t\t\t\t<div id=\"ngg-image-2\" class=\"ngg-gallery-thumbnail-box\" >\n\t\t\t\t        <div class=\"ngg-gallery-thumbnail\">\n            <a href=\"http:\/\/www.ueber-die-meere.de\/wordpress\/wp-content\/gallery\/endspurt_ecuador\/03_gruppe3.jpg\"\n               title=\"fr\u00f6hliche Gesichter in der ersten Klasse\"\n               data-src=\"http:\/\/www.ueber-die-meere.de\/wordpress\/wp-content\/gallery\/endspurt_ecuador\/03_gruppe3.jpg\"\n               data-thumbnail=\"http:\/\/www.ueber-die-meere.de\/wordpress\/wp-content\/gallery\/endspurt_ecuador\/thumbs\/thumbs_03_gruppe3.jpg\"\n               data-image-id=\"4570\"\n               data-title=\"03_gruppe3\"\n               data-description=\"fr\u00f6hliche Gesichter in der ersten Klasse\"\n               data-image-slug=\"03_gruppe3\"\n               class=\"shutterset_253f66d37b3d09a97a6231bccb868d88\">\n                <img\n                    title=\"03_gruppe3\"\n                    alt=\"03_gruppe3\"\n                    src=\"http:\/\/www.ueber-die-meere.de\/wordpress\/wp-content\/gallery\/endspurt_ecuador\/thumbs\/thumbs_03_gruppe3.jpg\"\n                    width=\"100\"\n                    height=\"75\"\n                    style=\"max-width:100%;\"\n                \/>\n            <\/a>\n        <\/div>\n\t\t\t\t\t\t\t<\/div> \n\t\t\t\n        \n\t\t\t\t<div id=\"ngg-image-3\" class=\"ngg-gallery-thumbnail-box\" >\n\t\t\t\t        <div class=\"ngg-gallery-thumbnail\">\n            <a href=\"http:\/\/www.ueber-die-meere.de\/wordpress\/wp-content\/gallery\/endspurt_ecuador\/04_strahlen.jpg\"\n               title=\"und noch mehr strahlende Gesichter\"\n               data-src=\"http:\/\/www.ueber-die-meere.de\/wordpress\/wp-content\/gallery\/endspurt_ecuador\/04_strahlen.jpg\"\n               data-thumbnail=\"http:\/\/www.ueber-die-meere.de\/wordpress\/wp-content\/gallery\/endspurt_ecuador\/thumbs\/thumbs_04_strahlen.jpg\"\n               data-image-id=\"4565\"\n               data-title=\"04_strahlen\"\n               data-description=\"und noch mehr strahlende Gesichter\"\n               data-image-slug=\"04_strahlen\"\n               class=\"shutterset_253f66d37b3d09a97a6231bccb868d88\">\n                <img\n                    title=\"04_strahlen\"\n                    alt=\"04_strahlen\"\n                    src=\"http:\/\/www.ueber-die-meere.de\/wordpress\/wp-content\/gallery\/endspurt_ecuador\/thumbs\/thumbs_04_strahlen.jpg\"\n                    width=\"100\"\n                    height=\"75\"\n                    style=\"max-width:100%;\"\n                \/>\n            <\/a>\n        <\/div>\n\t\t\t\t\t\t\t<\/div> \n\t\t\t\n        \n\t\t\t\t<div id=\"ngg-image-4\" class=\"ngg-gallery-thumbnail-box\" >\n\t\t\t\t        <div class=\"ngg-gallery-thumbnail\">\n            <a href=\"http:\/\/www.ueber-die-meere.de\/wordpress\/wp-content\/gallery\/endspurt_ecuador\/05_claudi_haare.jpg\"\n               title=\"mir wurde zum Abschluss in Gruppenarbeit noch ein sch\u00f6ner Zopf geflochten\"\n               data-src=\"http:\/\/www.ueber-die-meere.de\/wordpress\/wp-content\/gallery\/endspurt_ecuador\/05_claudi_haare.jpg\"\n               data-thumbnail=\"http:\/\/www.ueber-die-meere.de\/wordpress\/wp-content\/gallery\/endspurt_ecuador\/thumbs\/thumbs_05_claudi_haare.jpg\"\n               data-image-id=\"4571\"\n               data-title=\"05_claudi_haare\"\n               data-description=\"mir wurde zum Abschluss in Gruppenarbeit noch ein sch\u00f6ner Zopf geflochten\"\n               data-image-slug=\"05_claudi_haare\"\n               class=\"shutterset_253f66d37b3d09a97a6231bccb868d88\">\n                <img\n                    title=\"05_claudi_haare\"\n                    alt=\"05_claudi_haare\"\n                    src=\"http:\/\/www.ueber-die-meere.de\/wordpress\/wp-content\/gallery\/endspurt_ecuador\/thumbs\/thumbs_05_claudi_haare.jpg\"\n                    width=\"100\"\n                    height=\"75\"\n                    style=\"max-width:100%;\"\n                \/>\n            <\/a>\n        <\/div>\n\t\t\t\t\t\t\t<\/div> \n\t\t\t\n        \n\t\t\t\t<div id=\"ngg-image-5\" class=\"ngg-gallery-thumbnail-box\" >\n\t\t\t\t        <div class=\"ngg-gallery-thumbnail\">\n            <a href=\"http:\/\/www.ueber-die-meere.de\/wordpress\/wp-content\/gallery\/endspurt_ecuador\/06_kochteam.jpg\"\n               title=\"das Kochteam - Richard mit einer Gruppe Sch\u00fcler\"\n               data-src=\"http:\/\/www.ueber-die-meere.de\/wordpress\/wp-content\/gallery\/endspurt_ecuador\/06_kochteam.jpg\"\n               data-thumbnail=\"http:\/\/www.ueber-die-meere.de\/wordpress\/wp-content\/gallery\/endspurt_ecuador\/thumbs\/thumbs_06_kochteam.jpg\"\n               data-image-id=\"4576\"\n               data-title=\"06_kochteam\"\n               data-description=\"das Kochteam - Richard mit einer Gruppe Sch\u00fcler\"\n               data-image-slug=\"06_kochteam\"\n               class=\"shutterset_253f66d37b3d09a97a6231bccb868d88\">\n                <img\n                    title=\"06_kochteam\"\n                    alt=\"06_kochteam\"\n                    src=\"http:\/\/www.ueber-die-meere.de\/wordpress\/wp-content\/gallery\/endspurt_ecuador\/thumbs\/thumbs_06_kochteam.jpg\"\n                    width=\"100\"\n                    height=\"75\"\n                    style=\"max-width:100%;\"\n                \/>\n            <\/a>\n        <\/div>\n\t\t\t\t\t\t\t<\/div> \n\t\t\t\n        \n\t\t\t\t<div id=\"ngg-image-6\" class=\"ngg-gallery-thumbnail-box\" >\n\t\t\t\t        <div class=\"ngg-gallery-thumbnail\">\n            <a href=\"http:\/\/www.ueber-die-meere.de\/wordpress\/wp-content\/gallery\/endspurt_ecuador\/07_decorieren.jpg\"\n               title=\"die Sch\u00fcler lernen auch das Anrichten\"\n               data-src=\"http:\/\/www.ueber-die-meere.de\/wordpress\/wp-content\/gallery\/endspurt_ecuador\/07_decorieren.jpg\"\n               data-thumbnail=\"http:\/\/www.ueber-die-meere.de\/wordpress\/wp-content\/gallery\/endspurt_ecuador\/thumbs\/thumbs_07_decorieren.jpg\"\n               data-image-id=\"4575\"\n               data-title=\"07_decorieren\"\n               data-description=\"die Sch\u00fcler lernen auch das Anrichten\"\n               data-image-slug=\"07_decorieren\"\n               class=\"shutterset_253f66d37b3d09a97a6231bccb868d88\">\n                <img\n                    title=\"07_decorieren\"\n                    alt=\"07_decorieren\"\n                    src=\"http:\/\/www.ueber-die-meere.de\/wordpress\/wp-content\/gallery\/endspurt_ecuador\/thumbs\/thumbs_07_decorieren.jpg\"\n                    width=\"100\"\n                    height=\"75\"\n                    style=\"max-width:100%;\"\n                \/>\n            <\/a>\n        <\/div>\n\t\t\t\t\t\t\t<\/div> \n\t\t\t\n        \n\t\t\t\t<div id=\"ngg-image-7\" class=\"ngg-gallery-thumbnail-box\" >\n\t\t\t\t        <div class=\"ngg-gallery-thumbnail\">\n            <a href=\"http:\/\/www.ueber-die-meere.de\/wordpress\/wp-content\/gallery\/endspurt_ecuador\/08_palto_dres.jpg\"\n               title=\"sieht lecker aus, oder?\"\n               data-src=\"http:\/\/www.ueber-die-meere.de\/wordpress\/wp-content\/gallery\/endspurt_ecuador\/08_palto_dres.jpg\"\n               data-thumbnail=\"http:\/\/www.ueber-die-meere.de\/wordpress\/wp-content\/gallery\/endspurt_ecuador\/thumbs\/thumbs_08_palto_dres.jpg\"\n               data-image-id=\"4569\"\n               data-title=\"08_palto_dres\"\n               data-description=\"sieht lecker aus, oder?\"\n               data-image-slug=\"08_palto_dres\"\n               class=\"shutterset_253f66d37b3d09a97a6231bccb868d88\">\n                <img\n                    title=\"08_palto_dres\"\n                    alt=\"08_palto_dres\"\n                    src=\"http:\/\/www.ueber-die-meere.de\/wordpress\/wp-content\/gallery\/endspurt_ecuador\/thumbs\/thumbs_08_palto_dres.jpg\"\n                    width=\"100\"\n                    height=\"75\"\n                    style=\"max-width:100%;\"\n                \/>\n            <\/a>\n        <\/div>\n\t\t\t\t\t\t\t<\/div> \n\t\t\t\n        \n\t\t\t\t<div id=\"ngg-image-8\" class=\"ngg-gallery-thumbnail-box\" >\n\t\t\t\t        <div class=\"ngg-gallery-thumbnail\">\n            <a href=\"http:\/\/www.ueber-die-meere.de\/wordpress\/wp-content\/gallery\/endspurt_ecuador\/09_cuy.jpg\"\n               title=\"Cuy noch auf dem Blech wartend aufs Anrichten\"\n               data-src=\"http:\/\/www.ueber-die-meere.de\/wordpress\/wp-content\/gallery\/endspurt_ecuador\/09_cuy.jpg\"\n               data-thumbnail=\"http:\/\/www.ueber-die-meere.de\/wordpress\/wp-content\/gallery\/endspurt_ecuador\/thumbs\/thumbs_09_cuy.jpg\"\n               data-image-id=\"4580\"\n               data-title=\"09_cuy\"\n               data-description=\"Cuy noch auf dem Blech wartend aufs Anrichten\"\n               data-image-slug=\"09_cuy\"\n               class=\"shutterset_253f66d37b3d09a97a6231bccb868d88\">\n                <img\n                    title=\"09_cuy\"\n                    alt=\"09_cuy\"\n                    src=\"http:\/\/www.ueber-die-meere.de\/wordpress\/wp-content\/gallery\/endspurt_ecuador\/thumbs\/thumbs_09_cuy.jpg\"\n                    width=\"100\"\n                    height=\"75\"\n                    style=\"max-width:100%;\"\n                \/>\n            <\/a>\n        <\/div>\n\t\t\t\t\t\t\t<\/div> \n\t\t\t\n        \n\t\t\t\t<div id=\"ngg-image-9\" class=\"ngg-gallery-thumbnail-box\" >\n\t\t\t\t        <div class=\"ngg-gallery-thumbnail\">\n            <a href=\"http:\/\/www.ueber-die-meere.de\/wordpress\/wp-content\/gallery\/endspurt_ecuador\/10_palto_cuy.jpg\"\n               title=\"und hier Cuy appetitlich hergerichtet\"\n               data-src=\"http:\/\/www.ueber-die-meere.de\/wordpress\/wp-content\/gallery\/endspurt_ecuador\/10_palto_cuy.jpg\"\n               data-thumbnail=\"http:\/\/www.ueber-die-meere.de\/wordpress\/wp-content\/gallery\/endspurt_ecuador\/thumbs\/thumbs_10_palto_cuy.jpg\"\n               data-image-id=\"4568\"\n               data-title=\"10_palto_cuy\"\n               data-description=\"und hier Cuy appetitlich hergerichtet\"\n               data-image-slug=\"10_palto_cuy\"\n               class=\"shutterset_253f66d37b3d09a97a6231bccb868d88\">\n                <img\n                    title=\"10_palto_cuy\"\n                    alt=\"10_palto_cuy\"\n                    src=\"http:\/\/www.ueber-die-meere.de\/wordpress\/wp-content\/gallery\/endspurt_ecuador\/thumbs\/thumbs_10_palto_cuy.jpg\"\n                    width=\"100\"\n                    height=\"75\"\n                    style=\"max-width:100%;\"\n                \/>\n            <\/a>\n        <\/div>\n\t\t\t\t\t\t\t<\/div> \n\t\t\t\n        \n\t\t\t\t<div id=\"ngg-image-10\" class=\"ngg-gallery-thumbnail-box\" >\n\t\t\t\t        <div class=\"ngg-gallery-thumbnail\">\n            <a href=\"http:\/\/www.ueber-die-meere.de\/wordpress\/wp-content\/gallery\/endspurt_ecuador\/11_rollen.jpg\"\n               title=\"der Teig f\u00fcr den Strudel wird ausgerollt\"\n               data-src=\"http:\/\/www.ueber-die-meere.de\/wordpress\/wp-content\/gallery\/endspurt_ecuador\/11_rollen.jpg\"\n               data-thumbnail=\"http:\/\/www.ueber-die-meere.de\/wordpress\/wp-content\/gallery\/endspurt_ecuador\/thumbs\/thumbs_11_rollen.jpg\"\n               data-image-id=\"4577\"\n               data-title=\"11_rollen\"\n               data-description=\"der Teig f\u00fcr den Strudel wird ausgerollt\"\n               data-image-slug=\"11_rollen\"\n               class=\"shutterset_253f66d37b3d09a97a6231bccb868d88\">\n                <img\n                    title=\"11_rollen\"\n                    alt=\"11_rollen\"\n                    src=\"http:\/\/www.ueber-die-meere.de\/wordpress\/wp-content\/gallery\/endspurt_ecuador\/thumbs\/thumbs_11_rollen.jpg\"\n                    width=\"100\"\n                    height=\"75\"\n                    style=\"max-width:100%;\"\n                \/>\n            <\/a>\n        <\/div>\n\t\t\t\t\t\t\t<\/div> \n\t\t\t\n        \n\t\t\t\t<div id=\"ngg-image-11\" class=\"ngg-gallery-thumbnail-box\" >\n\t\t\t\t        <div class=\"ngg-gallery-thumbnail\">\n            <a href=\"http:\/\/www.ueber-die-meere.de\/wordpress\/wp-content\/gallery\/endspurt_ecuador\/12_apfelstrudel_geschnitten.jpg\"\n               title=\"und auch der Apfelstrudel wird servierfertig hergerichtet\"\n               data-src=\"http:\/\/www.ueber-die-meere.de\/wordpress\/wp-content\/gallery\/endspurt_ecuador\/12_apfelstrudel_geschnitten.jpg\"\n               data-thumbnail=\"http:\/\/www.ueber-die-meere.de\/wordpress\/wp-content\/gallery\/endspurt_ecuador\/thumbs\/thumbs_12_apfelstrudel_geschnitten.jpg\"\n               data-image-id=\"4578\"\n               data-title=\"12_apfelstrudel_geschnitten\"\n               data-description=\"und auch der Apfelstrudel wird servierfertig hergerichtet\"\n               data-image-slug=\"12_apfelstrudel_geschnitten\"\n               class=\"shutterset_253f66d37b3d09a97a6231bccb868d88\">\n                <img\n                    title=\"12_apfelstrudel_geschnitten\"\n                    alt=\"12_apfelstrudel_geschnitten\"\n                    src=\"http:\/\/www.ueber-die-meere.de\/wordpress\/wp-content\/gallery\/endspurt_ecuador\/thumbs\/thumbs_12_apfelstrudel_geschnitten.jpg\"\n                    width=\"100\"\n                    height=\"75\"\n                    style=\"max-width:100%;\"\n                \/>\n            <\/a>\n        <\/div>\n\t\t\t\t\t\t\t<\/div> \n\t\t\t\n        \n\t\t\t\t<div id=\"ngg-image-12\" class=\"ngg-gallery-thumbnail-box\" >\n\t\t\t\t        <div class=\"ngg-gallery-thumbnail\">\n            <a href=\"http:\/\/www.ueber-die-meere.de\/wordpress\/wp-content\/gallery\/endspurt_ecuador\/13_cocina.jpg\"\n               title=\"Michl mit den beiden K\u00f6chinnen, die haupts\u00e4chlich f\u00fcr das leckere und immer frische Fr\u00fchst\u00fcck und Mittagessen in der Schule zust\u00e4ndig sind.\"\n               data-src=\"http:\/\/www.ueber-die-meere.de\/wordpress\/wp-content\/gallery\/endspurt_ecuador\/13_cocina.jpg\"\n               data-thumbnail=\"http:\/\/www.ueber-die-meere.de\/wordpress\/wp-content\/gallery\/endspurt_ecuador\/thumbs\/thumbs_13_cocina.jpg\"\n               data-image-id=\"4579\"\n               data-title=\"13_cocina\"\n               data-description=\"Michl mit den beiden K\u00f6chinnen, die haupts\u00e4chlich f\u00fcr das leckere und immer frische Fr\u00fchst\u00fcck und Mittagessen in der Schule zust\u00e4ndig sind.\"\n               data-image-slug=\"13_cocina\"\n               class=\"shutterset_253f66d37b3d09a97a6231bccb868d88\">\n                <img\n                    title=\"13_cocina\"\n                    alt=\"13_cocina\"\n                    src=\"http:\/\/www.ueber-die-meere.de\/wordpress\/wp-content\/gallery\/endspurt_ecuador\/thumbs\/thumbs_13_cocina.jpg\"\n                    width=\"100\"\n                    height=\"75\"\n                    style=\"max-width:100%;\"\n                \/>\n            <\/a>\n        <\/div>\n\t\t\t\t\t\t\t<\/div> \n\t\t\t\n        \n\t\t\t\t<div id=\"ngg-image-13\" class=\"ngg-gallery-thumbnail-box\" >\n\t\t\t\t        <div class=\"ngg-gallery-thumbnail\">\n            <a href=\"http:\/\/www.ueber-die-meere.de\/wordpress\/wp-content\/gallery\/endspurt_ecuador\/14_essen_abschied.jpg\"\n               title=\"unser Abschiedsbuffet - es wurden aber auch noch zwei Geburtstage gefeiert\"\n               data-src=\"http:\/\/www.ueber-die-meere.de\/wordpress\/wp-content\/gallery\/endspurt_ecuador\/14_essen_abschied.jpg\"\n               data-thumbnail=\"http:\/\/www.ueber-die-meere.de\/wordpress\/wp-content\/gallery\/endspurt_ecuador\/thumbs\/thumbs_14_essen_abschied.jpg\"\n               data-image-id=\"4572\"\n               data-title=\"14_essen_abschied\"\n               data-description=\"unser Abschiedsbuffet - es wurden aber auch noch zwei Geburtstage gefeiert\"\n               data-image-slug=\"14_essen_abschied\"\n               class=\"shutterset_253f66d37b3d09a97a6231bccb868d88\">\n                <img\n                    title=\"14_essen_abschied\"\n                    alt=\"14_essen_abschied\"\n                    src=\"http:\/\/www.ueber-die-meere.de\/wordpress\/wp-content\/gallery\/endspurt_ecuador\/thumbs\/thumbs_14_essen_abschied.jpg\"\n                    width=\"100\"\n                    height=\"75\"\n                    style=\"max-width:100%;\"\n                \/>\n            <\/a>\n        <\/div>\n\t\t\t\t\t\t\t<\/div> \n\t\t\t\n        \n\t\t\t\t<div id=\"ngg-image-14\" class=\"ngg-gallery-thumbnail-box\" >\n\t\t\t\t        <div class=\"ngg-gallery-thumbnail\">\n            <a href=\"http:\/\/www.ueber-die-meere.de\/wordpress\/wp-content\/gallery\/endspurt_ecuador\/15_buen_viaje.jpg\"\n               title=\"wir haben von fast allen Maestros pers\u00f6nliche Abschiedsworte bekommen\"\n               data-src=\"http:\/\/www.ueber-die-meere.de\/wordpress\/wp-content\/gallery\/endspurt_ecuador\/15_buen_viaje.jpg\"\n               data-thumbnail=\"http:\/\/www.ueber-die-meere.de\/wordpress\/wp-content\/gallery\/endspurt_ecuador\/thumbs\/thumbs_15_buen_viaje.jpg\"\n               data-image-id=\"4567\"\n               data-title=\"15_buen_viaje\"\n               data-description=\"wir haben von fast allen Maestros pers\u00f6nliche Abschiedsworte bekommen\"\n               data-image-slug=\"15_buen_viaje\"\n               class=\"shutterset_253f66d37b3d09a97a6231bccb868d88\">\n                <img\n                    title=\"15_buen_viaje\"\n                    alt=\"15_buen_viaje\"\n                    src=\"http:\/\/www.ueber-die-meere.de\/wordpress\/wp-content\/gallery\/endspurt_ecuador\/thumbs\/thumbs_15_buen_viaje.jpg\"\n                    width=\"100\"\n                    height=\"75\"\n                    style=\"max-width:100%;\"\n                \/>\n            <\/a>\n        <\/div>\n\t\t\t\t\t\t\t<\/div> \n\t\t\t\n        \n\t\t\t\t<div id=\"ngg-image-15\" class=\"ngg-gallery-thumbnail-box\" >\n\t\t\t\t        <div class=\"ngg-gallery-thumbnail\">\n            <a href=\"http:\/\/www.ueber-die-meere.de\/wordpress\/wp-content\/gallery\/endspurt_ecuador\/16_brunch.jpg\"\n               title=\"Abschiedsbrunch bei und mit Freunden - Danke nochmal!\"\n               data-src=\"http:\/\/www.ueber-die-meere.de\/wordpress\/wp-content\/gallery\/endspurt_ecuador\/16_brunch.jpg\"\n               data-thumbnail=\"http:\/\/www.ueber-die-meere.de\/wordpress\/wp-content\/gallery\/endspurt_ecuador\/thumbs\/thumbs_16_brunch.jpg\"\n               data-image-id=\"4566\"\n               data-title=\"16_brunch\"\n               data-description=\"Abschiedsbrunch bei und mit Freunden - Danke nochmal!\"\n               data-image-slug=\"16_brunch\"\n               class=\"shutterset_253f66d37b3d09a97a6231bccb868d88\">\n                <img\n                    title=\"16_brunch\"\n                    alt=\"16_brunch\"\n                    src=\"http:\/\/www.ueber-die-meere.de\/wordpress\/wp-content\/gallery\/endspurt_ecuador\/thumbs\/thumbs_16_brunch.jpg\"\n                    width=\"100\"\n                    height=\"75\"\n                    style=\"max-width:100%;\"\n                \/>\n            <\/a>\n        <\/div>\n\t\t\t\t\t\t\t<\/div> \n\t\t\t\n        \n\t\t\n\t\t<div class=\"ngg-clear\"><\/div>\n\t<\/div>\n\n","protected":false},"excerpt":{"rendered":"<p>Unsere Zeit in Yaruqu\u00edes geht langsam aber sicher zu Ende. Unser Taxi nach Quito f\u00fcr morgen ist l\u00e4ngst bestellt und wir haben angefangen, unsere Rucks\u00e4cke zu packen. Eine extra Tasche f\u00fcr Souvenirs haben wir auch schon vor einer Weile gefunden, &hellip; <a href=\"http:\/\/www.ueber-die-meere.de\/wordpress\/?p=17354\">Weiterlesen <span class=\"meta-nav\">&rarr;<\/span><\/a><\/p>\n","protected":false},"author":2,"featured_media":0,"comment_status":"open","ping_status":"closed","sticky":false,"template":"","format":"standard","meta":{"ngg_post_thumbnail":0},"categories":[28,48,40,4],"tags":[],"_links":{"self":[{"href":"http:\/\/www.ueber-die-meere.de\/wordpress\/index.php?rest_route=\/wp\/v2\/posts\/17354"}],"collection":[{"href":"http:\/\/www.ueber-die-meere.de\/wordpress\/index.php?rest_route=\/wp\/v2\/posts"}],"about":[{"href":"http:\/\/www.ueber-die-meere.de\/wordpress\/index.php?rest_route=\/wp\/v2\/types\/post"}],"author":[{"embeddable":true,"href":"http:\/\/www.ueber-die-meere.de\/wordpress\/index.php?rest_route=\/wp\/v2\/users\/2"}],"replies":[{"embeddable":true,"href":"http:\/\/www.ueber-die-meere.de\/wordpress\/index.php?rest_route=%2Fwp%2Fv2%2Fcomments&post=17354"}],"version-history":[{"count":8,"href":"http:\/\/www.ueber-die-meere.de\/wordpress\/index.php?rest_route=\/wp\/v2\/posts\/17354\/revisions"}],"predecessor-version":[{"id":17399,"href":"http:\/\/www.ueber-die-meere.de\/wordpress\/index.php?rest_route=\/wp\/v2\/posts\/17354\/revisions\/17399"}],"wp:attachment":[{"href":"http:\/\/www.ueber-die-meere.de\/wordpress\/index.php?rest_route=%2Fwp%2Fv2%2Fmedia&parent=17354"}],"wp:term":[{"taxonomy":"category","embeddable":true,"href":"http:\/\/www.ueber-die-meere.de\/wordpress\/index.php?rest_route=%2Fwp%2Fv2%2Fcategories&post=17354"},{"taxonomy":"post_tag","embeddable":true,"href":"http:\/\/www.ueber-die-meere.de\/wordpress\/index.php?rest_route=%2Fwp%2Fv2%2Ftags&post=17354"}],"curies":[{"name":"wp","href":"https:\/\/api.w.org\/{rel}","templated":true}]}}