{"id":17082,"date":"2017-04-13T22:21:54","date_gmt":"2017-04-14T03:21:54","guid":{"rendered":"http:\/\/www.ueber-die-meere.de\/wordpress\/?p=17082"},"modified":"2017-04-13T22:22:45","modified_gmt":"2017-04-14T03:22:45","slug":"dia-del-maestro-de-ecuador","status":"publish","type":"post","link":"http:\/\/www.ueber-die-meere.de\/wordpress\/?p=17082","title":{"rendered":"D\u00eda del Maestro de Ecuador"},"content":{"rendered":"<p>Das ist ein Tag, der hier in den Schulen sehr ernst genommen wird, ganz besonders in der Unidad Educativo Kolping (wir k\u00f6nnen nicht beurteilen, wie das genau in anderen Schulen gehandhabt wird, denken aber eher, dass der Tag nicht ganz so ernst genommen wird). Gestern abend wurden alle Maestros (wir eingeschlossen) schon gefeiert &#8211; Eltern und Sch\u00fcler haben einen Abend organisiert, an dem es ein paar Reden gab, Musik mit Tanz und etwas zu essen.&nbsp;<\/p>\n<p>Hauptinhalt der Reden war, dass Lehrer eine gro\u00dfe Verantwortung tragen. Sie sind die, die die Kinder und Jugendlichen zu verantwortungsvollen Menschen machen, die durch Bildung die Gesellschaft mitbestimmen und die Zukunft gestalten. Eltern und Sch\u00fcler haben sich daf\u00fcr bedankt, dass die Maestros in der Kolping-Schule dies mit viel Engagement und Freude machen, und sich ihrer Verantwortung durchaus auch bewusst sind.<\/p>\n<p>In etwa diesem Sinne ging es heute weiter &#8211; da schulfrei war schon ab vormittag. Es ging bis Penipe, ungef\u00e4hr auf halbem Weg nach Ba\u00f1os, in eine noch nicht er\u00f6ffnete Pension. Wir haben etliches an Spielen unternommen, eine kleine Wanderung zu einem Fluss, es gab ein paar Reden und individuelle Geschenke und selbstverst\u00e4ndlich auch ausreichend zu essen! Es war ein sehr sch\u00f6ner und lustiger Tag, sch\u00f6n, dass wir dabei sein durften!<\/p>\n<p>Text auf der Einladung f\u00fcr heute: &#8222;No es mejor meastro el que sabe m\u00e1s&#8230; sino el que ense\u00f1a con amor y dedicaci\u00f3n a sus alumnos &#8211; Es ist nicht der Lehrer am besten, der mehr wei\u00df&#8230; sondern der, der mit Liebe und Hingabe unterrichtet.&#8220;<\/p>\n<!-- index.php -->\n<div\n\tclass=\"ngg-galleryoverview ngg-ajax-pagination-none\"\n\tid=\"ngg-gallery-4c5b20598ab9f03e308bec27171e4d66-1\">\n\n    \t<div class=\"slideshowlink\">\n        <a href='http:\/\/www.ueber-die-meere.de\/wordpress\/index.php\/nggallery\/slideshow?p=17082'>&#091;Show as slideshow&#093;<\/a>\n\t\t\n\t<\/div>\n\t\t\t<!-- Thumbnails -->\n\t\t\t\t<div id=\"ngg-image-0\" class=\"ngg-gallery-thumbnail-box\" >\n\t\t\t\t        <div class=\"ngg-gallery-thumbnail\">\n            <a href=\"http:\/\/www.ueber-die-meere.de\/wordpress\/wp-content\/gallery\/mejor_maestro\/01_musikgruppe.jpg\"\n               title=\"die Musikgruppe gestern abend\"\n               data-src=\"http:\/\/www.ueber-die-meere.de\/wordpress\/wp-content\/gallery\/mejor_maestro\/01_musikgruppe.jpg\"\n               data-thumbnail=\"http:\/\/www.ueber-die-meere.de\/wordpress\/wp-content\/gallery\/mejor_maestro\/thumbs\/thumbs_01_musikgruppe.jpg\"\n               data-image-id=\"4463\"\n               data-title=\"01_musikgruppe\"\n               data-description=\"die Musikgruppe gestern abend\"\n               data-image-slug=\"01_musikgruppe\"\n               class=\"shutterset_4c5b20598ab9f03e308bec27171e4d66\">\n                <img\n                    title=\"01_musikgruppe\"\n                    alt=\"01_musikgruppe\"\n                    src=\"http:\/\/www.ueber-die-meere.de\/wordpress\/wp-content\/gallery\/mejor_maestro\/thumbs\/thumbs_01_musikgruppe.jpg\"\n                    width=\"100\"\n                    height=\"75\"\n                    style=\"max-width:100%;\"\n                \/>\n            <\/a>\n        <\/div>\n\t\t\t\t\t\t\t<\/div> \n\t\t\t\n        \n\t\t\t\t<div id=\"ngg-image-1\" class=\"ngg-gallery-thumbnail-box\" >\n\t\t\t\t        <div class=\"ngg-gallery-thumbnail\">\n            <a href=\"http:\/\/www.ueber-die-meere.de\/wordpress\/wp-content\/gallery\/mejor_maestro\/02-tanz.jpg\"\n               title=\"es wurde getanzt\"\n               data-src=\"http:\/\/www.ueber-die-meere.de\/wordpress\/wp-content\/gallery\/mejor_maestro\/02-tanz.jpg\"\n               data-thumbnail=\"http:\/\/www.ueber-die-meere.de\/wordpress\/wp-content\/gallery\/mejor_maestro\/thumbs\/thumbs_02-tanz.jpg\"\n               data-image-id=\"4464\"\n               data-title=\"02-tanz\"\n               data-description=\"es wurde getanzt\"\n               data-image-slug=\"02-tanz\"\n               class=\"shutterset_4c5b20598ab9f03e308bec27171e4d66\">\n                <img\n                    title=\"02-tanz\"\n                    alt=\"02-tanz\"\n                    src=\"http:\/\/www.ueber-die-meere.de\/wordpress\/wp-content\/gallery\/mejor_maestro\/thumbs\/thumbs_02-tanz.jpg\"\n                    width=\"100\"\n                    height=\"75\"\n                    style=\"max-width:100%;\"\n                \/>\n            <\/a>\n        <\/div>\n\t\t\t\t\t\t\t<\/div> \n\t\t\t\n        \n\t\t\t\t<div id=\"ngg-image-2\" class=\"ngg-gallery-thumbnail-box\" >\n\t\t\t\t        <div class=\"ngg-gallery-thumbnail\">\n            <a href=\"http:\/\/www.ueber-die-meere.de\/wordpress\/wp-content\/gallery\/mejor_maestro\/03_saengerin.jpg\"\n               title=\"die S\u00e4ngerin des Abends\"\n               data-src=\"http:\/\/www.ueber-die-meere.de\/wordpress\/wp-content\/gallery\/mejor_maestro\/03_saengerin.jpg\"\n               data-thumbnail=\"http:\/\/www.ueber-die-meere.de\/wordpress\/wp-content\/gallery\/mejor_maestro\/thumbs\/thumbs_03_saengerin.jpg\"\n               data-image-id=\"4465\"\n               data-title=\"03_saengerin\"\n               data-description=\"die S\u00e4ngerin des Abends\"\n               data-image-slug=\"03_saengerin\"\n               class=\"shutterset_4c5b20598ab9f03e308bec27171e4d66\">\n                <img\n                    title=\"03_saengerin\"\n                    alt=\"03_saengerin\"\n                    src=\"http:\/\/www.ueber-die-meere.de\/wordpress\/wp-content\/gallery\/mejor_maestro\/thumbs\/thumbs_03_saengerin.jpg\"\n                    width=\"100\"\n                    height=\"75\"\n                    style=\"max-width:100%;\"\n                \/>\n            <\/a>\n        <\/div>\n\t\t\t\t\t\t\t<\/div> \n\t\t\t\n        \n\t\t\t\t<div id=\"ngg-image-3\" class=\"ngg-gallery-thumbnail-box\" >\n\t\t\t\t        <div class=\"ngg-gallery-thumbnail\">\n            <a href=\"http:\/\/www.ueber-die-meere.de\/wordpress\/wp-content\/gallery\/mejor_maestro\/04_meister.jpg\"\n               title=\"Francisco und Mauro, Michls Maestros in den ersten beiden Werkst\u00e4tten\"\n               data-src=\"http:\/\/www.ueber-die-meere.de\/wordpress\/wp-content\/gallery\/mejor_maestro\/04_meister.jpg\"\n               data-thumbnail=\"http:\/\/www.ueber-die-meere.de\/wordpress\/wp-content\/gallery\/mejor_maestro\/thumbs\/thumbs_04_meister.jpg\"\n               data-image-id=\"4462\"\n               data-title=\"04_meister\"\n               data-description=\"Francisco und Mauro, Michls Maestros in den ersten beiden Werkst\u00e4tten\"\n               data-image-slug=\"04_meister\"\n               class=\"shutterset_4c5b20598ab9f03e308bec27171e4d66\">\n                <img\n                    title=\"04_meister\"\n                    alt=\"04_meister\"\n                    src=\"http:\/\/www.ueber-die-meere.de\/wordpress\/wp-content\/gallery\/mejor_maestro\/thumbs\/thumbs_04_meister.jpg\"\n                    width=\"100\"\n                    height=\"75\"\n                    style=\"max-width:100%;\"\n                \/>\n            <\/a>\n        <\/div>\n\t\t\t\t\t\t\t<\/div> \n\t\t\t\n        \n\t\t\t\t<div id=\"ngg-image-4\" class=\"ngg-gallery-thumbnail-box\" >\n\t\t\t\t        <div class=\"ngg-gallery-thumbnail\">\n            <a href=\"http:\/\/www.ueber-die-meere.de\/wordpress\/wp-content\/gallery\/mejor_maestro\/05_wanderung.jpg\"\n               title=\"auf dem Weg zum Fluss\"\n               data-src=\"http:\/\/www.ueber-die-meere.de\/wordpress\/wp-content\/gallery\/mejor_maestro\/05_wanderung.jpg\"\n               data-thumbnail=\"http:\/\/www.ueber-die-meere.de\/wordpress\/wp-content\/gallery\/mejor_maestro\/thumbs\/thumbs_05_wanderung.jpg\"\n               data-image-id=\"4461\"\n               data-title=\"05_wanderung\"\n               data-description=\"auf dem Weg zum Fluss\"\n               data-image-slug=\"05_wanderung\"\n               class=\"shutterset_4c5b20598ab9f03e308bec27171e4d66\">\n                <img\n                    title=\"05_wanderung\"\n                    alt=\"05_wanderung\"\n                    src=\"http:\/\/www.ueber-die-meere.de\/wordpress\/wp-content\/gallery\/mejor_maestro\/thumbs\/thumbs_05_wanderung.jpg\"\n                    width=\"100\"\n                    height=\"75\"\n                    style=\"max-width:100%;\"\n                \/>\n            <\/a>\n        <\/div>\n\t\t\t\t\t\t\t<\/div> \n\t\t\t\n        \n\t\t\t\t<div id=\"ngg-image-5\" class=\"ngg-gallery-thumbnail-box\" >\n\t\t\t\t        <div class=\"ngg-gallery-thumbnail\">\n            <a href=\"http:\/\/www.ueber-die-meere.de\/wordpress\/wp-content\/gallery\/mejor_maestro\/06_landschaft.jpg\"\n               title=\"gr\u00fcne, sch\u00f6ne Landschaft\"\n               data-src=\"http:\/\/www.ueber-die-meere.de\/wordpress\/wp-content\/gallery\/mejor_maestro\/06_landschaft.jpg\"\n               data-thumbnail=\"http:\/\/www.ueber-die-meere.de\/wordpress\/wp-content\/gallery\/mejor_maestro\/thumbs\/thumbs_06_landschaft.jpg\"\n               data-image-id=\"4459\"\n               data-title=\"06_landschaft\"\n               data-description=\"gr\u00fcne, sch\u00f6ne Landschaft\"\n               data-image-slug=\"06_landschaft-1\"\n               class=\"shutterset_4c5b20598ab9f03e308bec27171e4d66\">\n                <img\n                    title=\"06_landschaft\"\n                    alt=\"06_landschaft\"\n                    src=\"http:\/\/www.ueber-die-meere.de\/wordpress\/wp-content\/gallery\/mejor_maestro\/thumbs\/thumbs_06_landschaft.jpg\"\n                    width=\"100\"\n                    height=\"75\"\n                    style=\"max-width:100%;\"\n                \/>\n            <\/a>\n        <\/div>\n\t\t\t\t\t\t\t<\/div> \n\t\t\t\n        \n\t\t\t\t<div id=\"ngg-image-6\" class=\"ngg-gallery-thumbnail-box\" >\n\t\t\t\t        <div class=\"ngg-gallery-thumbnail\">\n            <a href=\"http:\/\/www.ueber-die-meere.de\/wordpress\/wp-content\/gallery\/mejor_maestro\/07_spass.jpg\"\n               title=\"mit viel Spa\u00df bei der Sache\"\n               data-src=\"http:\/\/www.ueber-die-meere.de\/wordpress\/wp-content\/gallery\/mejor_maestro\/07_spass.jpg\"\n               data-thumbnail=\"http:\/\/www.ueber-die-meere.de\/wordpress\/wp-content\/gallery\/mejor_maestro\/thumbs\/thumbs_07_spass.jpg\"\n               data-image-id=\"4457\"\n               data-title=\"07_spass\"\n               data-description=\"mit viel Spa\u00df bei der Sache\"\n               data-image-slug=\"07_spass\"\n               class=\"shutterset_4c5b20598ab9f03e308bec27171e4d66\">\n                <img\n                    title=\"07_spass\"\n                    alt=\"07_spass\"\n                    src=\"http:\/\/www.ueber-die-meere.de\/wordpress\/wp-content\/gallery\/mejor_maestro\/thumbs\/thumbs_07_spass.jpg\"\n                    width=\"100\"\n                    height=\"75\"\n                    style=\"max-width:100%;\"\n                \/>\n            <\/a>\n        <\/div>\n\t\t\t\t\t\t\t<\/div> \n\t\t\t\n        \n\t\t\t\t<div id=\"ngg-image-7\" class=\"ngg-gallery-thumbnail-box\" >\n\t\t\t\t        <div class=\"ngg-gallery-thumbnail\">\n            <a href=\"http:\/\/www.ueber-die-meere.de\/wordpress\/wp-content\/gallery\/mejor_maestro\/08_wir_zwei.jpg\"\n               title=\"wir waren auch dabei\"\n               data-src=\"http:\/\/www.ueber-die-meere.de\/wordpress\/wp-content\/gallery\/mejor_maestro\/08_wir_zwei.jpg\"\n               data-thumbnail=\"http:\/\/www.ueber-die-meere.de\/wordpress\/wp-content\/gallery\/mejor_maestro\/thumbs\/thumbs_08_wir_zwei.jpg\"\n               data-image-id=\"4456\"\n               data-title=\"08_wir_zwei\"\n               data-description=\"wir waren auch dabei\"\n               data-image-slug=\"08_wir_zwei\"\n               class=\"shutterset_4c5b20598ab9f03e308bec27171e4d66\">\n                <img\n                    title=\"08_wir_zwei\"\n                    alt=\"08_wir_zwei\"\n                    src=\"http:\/\/www.ueber-die-meere.de\/wordpress\/wp-content\/gallery\/mejor_maestro\/thumbs\/thumbs_08_wir_zwei.jpg\"\n                    width=\"100\"\n                    height=\"75\"\n                    style=\"max-width:100%;\"\n                \/>\n            <\/a>\n        <\/div>\n\t\t\t\t\t\t\t<\/div> \n\t\t\t\n        \n\t\t\t\t<div id=\"ngg-image-8\" class=\"ngg-gallery-thumbnail-box\" >\n\t\t\t\t        <div class=\"ngg-gallery-thumbnail\">\n            <a href=\"http:\/\/www.ueber-die-meere.de\/wordpress\/wp-content\/gallery\/mejor_maestro\/09_aufstieg.jpg\"\n               title=\"der Aufstieg war etwas anstrengeder als der Abstieg - hier lachen noch alle ;-)\"\n               data-src=\"http:\/\/www.ueber-die-meere.de\/wordpress\/wp-content\/gallery\/mejor_maestro\/09_aufstieg.jpg\"\n               data-thumbnail=\"http:\/\/www.ueber-die-meere.de\/wordpress\/wp-content\/gallery\/mejor_maestro\/thumbs\/thumbs_09_aufstieg.jpg\"\n               data-image-id=\"4460\"\n               data-title=\"09_aufstieg\"\n               data-description=\"der Aufstieg war etwas anstrengeder als der Abstieg - hier lachen noch alle ;-)\"\n               data-image-slug=\"09_aufstieg\"\n               class=\"shutterset_4c5b20598ab9f03e308bec27171e4d66\">\n                <img\n                    title=\"09_aufstieg\"\n                    alt=\"09_aufstieg\"\n                    src=\"http:\/\/www.ueber-die-meere.de\/wordpress\/wp-content\/gallery\/mejor_maestro\/thumbs\/thumbs_09_aufstieg.jpg\"\n                    width=\"100\"\n                    height=\"75\"\n                    style=\"max-width:100%;\"\n                \/>\n            <\/a>\n        <\/div>\n\t\t\t\t\t\t\t<\/div> \n\t\t\t\n        \n\t\t\t\t<div id=\"ngg-image-9\" class=\"ngg-gallery-thumbnail-box\" >\n\t\t\t\t        <div class=\"ngg-gallery-thumbnail\">\n            <a href=\"http:\/\/www.ueber-die-meere.de\/wordpress\/wp-content\/gallery\/mejor_maestro\/10_lachende_gesichter.jpg\"\n               title=\"es wurde wirklich viel gelacht\"\n               data-src=\"http:\/\/www.ueber-die-meere.de\/wordpress\/wp-content\/gallery\/mejor_maestro\/10_lachende_gesichter.jpg\"\n               data-thumbnail=\"http:\/\/www.ueber-die-meere.de\/wordpress\/wp-content\/gallery\/mejor_maestro\/thumbs\/thumbs_10_lachende_gesichter.jpg\"\n               data-image-id=\"4455\"\n               data-title=\"10_lachende_gesichter\"\n               data-description=\"es wurde wirklich viel gelacht\"\n               data-image-slug=\"10_lachende_gesichter\"\n               class=\"shutterset_4c5b20598ab9f03e308bec27171e4d66\">\n                <img\n                    title=\"10_lachende_gesichter\"\n                    alt=\"10_lachende_gesichter\"\n                    src=\"http:\/\/www.ueber-die-meere.de\/wordpress\/wp-content\/gallery\/mejor_maestro\/thumbs\/thumbs_10_lachende_gesichter.jpg\"\n                    width=\"100\"\n                    height=\"75\"\n                    style=\"max-width:100%;\"\n                \/>\n            <\/a>\n        <\/div>\n\t\t\t\t\t\t\t<\/div> \n\t\t\t\n        \n\t\t\t\t<div id=\"ngg-image-10\" class=\"ngg-gallery-thumbnail-box\" >\n\t\t\t\t        <div class=\"ngg-gallery-thumbnail\">\n            <a href=\"http:\/\/www.ueber-die-meere.de\/wordpress\/wp-content\/gallery\/mejor_maestro\/11_jungs.jpg\"\n               title=\"zwei Dons und zwei Maestros auf der Mauer\"\n               data-src=\"http:\/\/www.ueber-die-meere.de\/wordpress\/wp-content\/gallery\/mejor_maestro\/11_jungs.jpg\"\n               data-thumbnail=\"http:\/\/www.ueber-die-meere.de\/wordpress\/wp-content\/gallery\/mejor_maestro\/thumbs\/thumbs_11_jungs.jpg\"\n               data-image-id=\"4454\"\n               data-title=\"11_jungs\"\n               data-description=\"zwei Dons und zwei Maestros auf der Mauer\"\n               data-image-slug=\"11_jungs\"\n               class=\"shutterset_4c5b20598ab9f03e308bec27171e4d66\">\n                <img\n                    title=\"11_jungs\"\n                    alt=\"11_jungs\"\n                    src=\"http:\/\/www.ueber-die-meere.de\/wordpress\/wp-content\/gallery\/mejor_maestro\/thumbs\/thumbs_11_jungs.jpg\"\n                    width=\"100\"\n                    height=\"75\"\n                    style=\"max-width:100%;\"\n                \/>\n            <\/a>\n        <\/div>\n\t\t\t\t\t\t\t<\/div> \n\t\t\t\n        \n\t\t\t\t<div id=\"ngg-image-11\" class=\"ngg-gallery-thumbnail-box\" >\n\t\t\t\t        <div class=\"ngg-gallery-thumbnail\">\n            <a href=\"http:\/\/www.ueber-die-meere.de\/wordpress\/wp-content\/gallery\/mejor_maestro\/12_geschenke.jpg\"\n               title=\"unsere Geschenke - die Tassen sind individuell beschriftet!\"\n               data-src=\"http:\/\/www.ueber-die-meere.de\/wordpress\/wp-content\/gallery\/mejor_maestro\/12_geschenke.jpg\"\n               data-thumbnail=\"http:\/\/www.ueber-die-meere.de\/wordpress\/wp-content\/gallery\/mejor_maestro\/thumbs\/thumbs_12_geschenke.jpg\"\n               data-image-id=\"4458\"\n               data-title=\"12_geschenke\"\n               data-description=\"unsere Geschenke - die Tassen sind individuell beschriftet!\"\n               data-image-slug=\"12_geschenke\"\n               class=\"shutterset_4c5b20598ab9f03e308bec27171e4d66\">\n                <img\n                    title=\"12_geschenke\"\n                    alt=\"12_geschenke\"\n                    src=\"http:\/\/www.ueber-die-meere.de\/wordpress\/wp-content\/gallery\/mejor_maestro\/thumbs\/thumbs_12_geschenke.jpg\"\n                    width=\"100\"\n                    height=\"75\"\n                    style=\"max-width:100%;\"\n                \/>\n            <\/a>\n        <\/div>\n\t\t\t\t\t\t\t<\/div> \n\t\t\t\n        \n\t\t\n\t\t<div class=\"ngg-clear\"><\/div>\n\t<\/div>\n\n","protected":false},"excerpt":{"rendered":"<p>Das ist ein Tag, der hier in den Schulen sehr ernst genommen wird, ganz besonders in der Unidad Educativo Kolping (wir k\u00f6nnen nicht beurteilen, wie das genau in anderen Schulen gehandhabt wird, denken aber eher, dass der Tag nicht ganz &hellip; <a href=\"http:\/\/www.ueber-die-meere.de\/wordpress\/?p=17082\">Weiterlesen <span class=\"meta-nav\">&rarr;<\/span><\/a><\/p>\n","protected":false},"author":2,"featured_media":0,"comment_status":"open","ping_status":"closed","sticky":false,"template":"","format":"standard","meta":{"ngg_post_thumbnail":0},"categories":[28,48,40,4],"tags":[],"_links":{"self":[{"href":"http:\/\/www.ueber-die-meere.de\/wordpress\/index.php?rest_route=\/wp\/v2\/posts\/17082"}],"collection":[{"href":"http:\/\/www.ueber-die-meere.de\/wordpress\/index.php?rest_route=\/wp\/v2\/posts"}],"about":[{"href":"http:\/\/www.ueber-die-meere.de\/wordpress\/index.php?rest_route=\/wp\/v2\/types\/post"}],"author":[{"embeddable":true,"href":"http:\/\/www.ueber-die-meere.de\/wordpress\/index.php?rest_route=\/wp\/v2\/users\/2"}],"replies":[{"embeddable":true,"href":"http:\/\/www.ueber-die-meere.de\/wordpress\/index.php?rest_route=%2Fwp%2Fv2%2Fcomments&post=17082"}],"version-history":[{"count":3,"href":"http:\/\/www.ueber-die-meere.de\/wordpress\/index.php?rest_route=\/wp\/v2\/posts\/17082\/revisions"}],"predecessor-version":[{"id":17114,"href":"http:\/\/www.ueber-die-meere.de\/wordpress\/index.php?rest_route=\/wp\/v2\/posts\/17082\/revisions\/17114"}],"wp:attachment":[{"href":"http:\/\/www.ueber-die-meere.de\/wordpress\/index.php?rest_route=%2Fwp%2Fv2%2Fmedia&parent=17082"}],"wp:term":[{"taxonomy":"category","embeddable":true,"href":"http:\/\/www.ueber-die-meere.de\/wordpress\/index.php?rest_route=%2Fwp%2Fv2%2Fcategories&post=17082"},{"taxonomy":"post_tag","embeddable":true,"href":"http:\/\/www.ueber-die-meere.de\/wordpress\/index.php?rest_route=%2Fwp%2Fv2%2Ftags&post=17082"}],"curies":[{"name":"wp","href":"https:\/\/api.w.org\/{rel}","templated":true}]}}