{"id":13670,"date":"2016-04-04T01:00:00","date_gmt":"2016-04-04T00:00:00","guid":{"rendered":"http:\/\/www.ueber-die-meere.de\/wordpress\/?p=13670"},"modified":"2016-04-11T13:22:29","modified_gmt":"2016-04-11T17:22:29","slug":"endspurt-nach-puerto-rico","status":"publish","type":"post","link":"http:\/\/www.ueber-die-meere.de\/wordpress\/?p=13670","title":{"rendered":"Endspurt nach Puerto Rico"},"content":{"rendered":"\n<p>Insgesamt wird der Wind so gegen Ende der Strecke weniger &#8211; jetzt haben wir teilweise sogar zu wenig um zu segeln. Gestern hatten wir einen kurzen Delfinbesuch, wir k\u00f6nnten da immer noch f\u00fcr Stunden begeistert zusehen!\/<\/p>\n<p><p>Heute hatten wir dann noch anderen Besuch. Es war Waschtag und genau in dem Moment, als ich dabei war, den Bottich \u00fcber Bord zu kippen, ist im Tiefflug die Coast Guard \u00fcber uns geflogen. Die waren so schnell da, Michl hat es gar nicht richtig mitbekommen (er war grad unter Deck). Ich m\u00f6chte nicht wissen, ob die fotografiert haben! Auf jeden Fall hatten sie ein beeindruckendes Timing.\/<\/p>\n<p>\n","protected":false},"excerpt":{"rendered":"<p>Insgesamt wird der Wind so gegen Ende der Strecke weniger &#8211; jetzt haben wir teilweise sogar zu wenig um zu segeln. Gestern hatten wir einen kurzen Delfinbesuch, wir k\u00f6nnten da immer noch f\u00fcr Stunden begeistert zusehen!\/ Heute hatten wir dann &hellip; <a href=\"http:\/\/www.ueber-die-meere.de\/wordpress\/?p=13670\">Weiterlesen <span class=\"meta-nav\">&rarr;<\/span><\/a><\/p>\n","protected":false},"author":30,"featured_media":0,"comment_status":"open","ping_status":"closed","sticky":false,"template":"","format":"standard","meta":{"ngg_post_thumbnail":0},"categories":[46,4],"tags":[],"_links":{"self":[{"href":"http:\/\/www.ueber-die-meere.de\/wordpress\/index.php?rest_route=\/wp\/v2\/posts\/13670"}],"collection":[{"href":"http:\/\/www.ueber-die-meere.de\/wordpress\/index.php?rest_route=\/wp\/v2\/posts"}],"about":[{"href":"http:\/\/www.ueber-die-meere.de\/wordpress\/index.php?rest_route=\/wp\/v2\/types\/post"}],"author":[{"embeddable":true,"href":"http:\/\/www.ueber-die-meere.de\/wordpress\/index.php?rest_route=\/wp\/v2\/users\/30"}],"replies":[{"embeddable":true,"href":"http:\/\/www.ueber-die-meere.de\/wordpress\/index.php?rest_route=%2Fwp%2Fv2%2Fcomments&post=13670"}],"version-history":[{"count":1,"href":"http:\/\/www.ueber-die-meere.de\/wordpress\/index.php?rest_route=\/wp\/v2\/posts\/13670\/revisions"}],"predecessor-version":[{"id":13747,"href":"http:\/\/www.ueber-die-meere.de\/wordpress\/index.php?rest_route=\/wp\/v2\/posts\/13670\/revisions\/13747"}],"wp:attachment":[{"href":"http:\/\/www.ueber-die-meere.de\/wordpress\/index.php?rest_route=%2Fwp%2Fv2%2Fmedia&parent=13670"}],"wp:term":[{"taxonomy":"category","embeddable":true,"href":"http:\/\/www.ueber-die-meere.de\/wordpress\/index.php?rest_route=%2Fwp%2Fv2%2Fcategories&post=13670"},{"taxonomy":"post_tag","embeddable":true,"href":"http:\/\/www.ueber-die-meere.de\/wordpress\/index.php?rest_route=%2Fwp%2Fv2%2Ftags&post=13670"}],"curies":[{"name":"wp","href":"https:\/\/api.w.org\/{rel}","templated":true}]}}