{"id":13315,"date":"2016-02-14T17:10:52","date_gmt":"2016-02-14T21:10:52","guid":{"rendered":"http:\/\/www.ueber-die-meere.de\/wordpress\/?p=13315"},"modified":"2016-02-15T11:27:45","modified_gmt":"2016-02-15T15:27:45","slug":"ausser-gefecht","status":"publish","type":"post","link":"http:\/\/www.ueber-die-meere.de\/wordpress\/?p=13315","title":{"rendered":"Au\u00dfer Gefecht"},"content":{"rendered":"<p>So sch\u00f6n der Carnival war, so doof ist es, dass ich jetzt au\u00dfer Gefecht gesetzt bin. Seit Donnerstag schlage ich mit ca. 39,6\u00b0C Fieber rum. Es geht f\u00fcr 3h runter nachdem ich Paracetamol eingeworfen habe und dann wieder hoch. Nachdem Claudi und Mario (der Norweger)\u00a0mir das nahegelegt haben, fuhr mich vorgestern am Nachmittag noch das von Claudi organisierte\u00a0Krankentaxi mit Namen Patrice ins West Shore Medica, wo er mir auch noch als Fast-Einheimischer bei den Formalit\u00e4ten half. Nach der Blutentnahme und einem Schnellcheck scheint es zumindest kein Dengue zu sein, das w\u00e4re bl\u00f6de, weil ich das schon hatte (beim zweiten Mal sind die Auswirkungen schlimmer, deswegen gibt es auch bisher keine Impfung). Jedenfalls stimmen etliche Werte nicht. Es deutet aber eher auf <a href=\"https:\/\/de.wikipedia.org\/wiki\/Chikungunyafieber\" target=\"_blank\">Chikungunya <\/a>hin. Am Dienstag erfahre ich mehr. Bis dahin wird wohl auch das Arbeiten am Boot warten m\u00fcssen. Vielen, vielen Dank f\u00fcr die Hilfe hier,\u00a0Madelyne und R\u00e9my haben mir sogar ihr Hotelzimmer f\u00fcr eine Nacht zur Verf\u00fcgung gestellt. Dank an alle!!!<\/p>\n<p><a href=\"http:\/\/www.ueber-die-meere.de\/wordpress\/wp-content\/uploads\/2016\/02\/ameisen2.jpg\" rel=\"attachment wp-att-13317\"><img loading=\"lazy\" class=\"alignright wp-image-13317 size-thumbnail\" src=\"http:\/\/www.ueber-die-meere.de\/wordpress\/wp-content\/uploads\/2016\/02\/ameisen2-150x150.jpg\" alt=\"ameisen2\" width=\"150\" height=\"150\" \/><\/a> <a href=\"http:\/\/www.ueber-die-meere.de\/wordpress\/wp-content\/uploads\/2016\/02\/ameisen.jpg\" rel=\"attachment wp-att-13318\"><img loading=\"lazy\" class=\"alignleft wp-image-13318 size-thumbnail\" src=\"http:\/\/www.ueber-die-meere.de\/wordpress\/wp-content\/uploads\/2016\/02\/ameisen-150x150.jpg\" alt=\"ameisen\" width=\"150\" height=\"150\" \/><\/a>Aber eines habe ich trotzdem erledigen k\u00f6nnen, wir hatten ab und an Ameisen bei uns im Boot erwischt. Gestern nacht verfolgte ich eine und sah, wie sie in einem alten Antennenverteiler verschwand. Sehr gut, dacht ich mir, der Sache gehe ich morgen auf den Grund, da die ja nachaktiv sind, sind sicher noch etliche unterwegs. Heute in der Mittagshitze klebte ich dann die Ausg\u00e4nge ab und \u00f6ffnete den Verteiler, klebte eine Plastikt\u00fcte rum. Bingo, voll bis unter den Rand mit Eiern und Ameisen. Nat\u00fcrlich habe ich die dann von Bord gebracht und in einiger Entfernung von den Booten wieder der Natur \u00fcberlassen. Ich hoffe mal alle erwischt zu haben :-).<\/p>\n","protected":false},"excerpt":{"rendered":"<p>So sch\u00f6n der Carnival war, so doof ist es, dass ich jetzt au\u00dfer Gefecht gesetzt bin. Seit Donnerstag schlage ich mit ca. 39,6\u00b0C Fieber rum. Es geht f\u00fcr 3h runter nachdem ich Paracetamol eingeworfen habe und dann wieder hoch. Nachdem &hellip; <a href=\"http:\/\/www.ueber-die-meere.de\/wordpress\/?p=13315\">Weiterlesen <span class=\"meta-nav\">&rarr;<\/span><\/a><\/p>\n","protected":false},"author":3,"featured_media":0,"comment_status":"open","ping_status":"closed","sticky":false,"template":"","format":"standard","meta":{"ngg_post_thumbnail":0},"categories":[46,40,4],"tags":[],"_links":{"self":[{"href":"http:\/\/www.ueber-die-meere.de\/wordpress\/index.php?rest_route=\/wp\/v2\/posts\/13315"}],"collection":[{"href":"http:\/\/www.ueber-die-meere.de\/wordpress\/index.php?rest_route=\/wp\/v2\/posts"}],"about":[{"href":"http:\/\/www.ueber-die-meere.de\/wordpress\/index.php?rest_route=\/wp\/v2\/types\/post"}],"author":[{"embeddable":true,"href":"http:\/\/www.ueber-die-meere.de\/wordpress\/index.php?rest_route=\/wp\/v2\/users\/3"}],"replies":[{"embeddable":true,"href":"http:\/\/www.ueber-die-meere.de\/wordpress\/index.php?rest_route=%2Fwp%2Fv2%2Fcomments&post=13315"}],"version-history":[{"count":6,"href":"http:\/\/www.ueber-die-meere.de\/wordpress\/index.php?rest_route=\/wp\/v2\/posts\/13315\/revisions"}],"predecessor-version":[{"id":13323,"href":"http:\/\/www.ueber-die-meere.de\/wordpress\/index.php?rest_route=\/wp\/v2\/posts\/13315\/revisions\/13323"}],"wp:attachment":[{"href":"http:\/\/www.ueber-die-meere.de\/wordpress\/index.php?rest_route=%2Fwp%2Fv2%2Fmedia&parent=13315"}],"wp:term":[{"taxonomy":"category","embeddable":true,"href":"http:\/\/www.ueber-die-meere.de\/wordpress\/index.php?rest_route=%2Fwp%2Fv2%2Fcategories&post=13315"},{"taxonomy":"post_tag","embeddable":true,"href":"http:\/\/www.ueber-die-meere.de\/wordpress\/index.php?rest_route=%2Fwp%2Fv2%2Ftags&post=13315"}],"curies":[{"name":"wp","href":"https:\/\/api.w.org\/{rel}","templated":true}]}}